{"id":10363,"date":"2013-07-18T15:59:10","date_gmt":"2013-07-18T15:59:10","guid":{"rendered":"http:\/\/apub.org.br\/?p=10363"},"modified":"2013-07-18T15:59:10","modified_gmt":"2013-07-18T15:59:10","slug":"em-pauta-manifestacoes-de-junho-e-conjunturas-nacional-e-internacional","status":"publish","type":"post","link":"https:\/\/apub.org.br\/siteantigo\/em-pauta-manifestacoes-de-junho-e-conjunturas-nacional-e-internacional\/","title":{"rendered":"Em pauta, manifesta\u00e7\u00f5es de junho e conjunturas nacional e internacional"},"content":{"rendered":"<p style=\"text-align: justify;\">Na pr\u00f3xima sexta-feira, o Senge-BA, em parceria com a APUB Sindicato e FISENGE (Federa\u00e7\u00e3o Interestadual de Sindicatos de Engenheiros), realizam a palestra Manifesta\u00e7\u00f5es de junho de 2013 e conjunturas nacional e internacional. O evento acontece \u00e0s 19h, no audit\u00f3rio da Escola Polit\u00e9cnica da UFBA. A palestra ser\u00e1 ministrada pelo historiador professor doutor Valter Pomar, e a mesa de debate contar\u00e1 com a participa\u00e7\u00e3o dos professores doutores Penildon Silva Filho e Cl\u00edmaco Dias. O evento ter\u00e1 ainda a presen\u00e7a do presidente do Senge-BA, o engenheiro civil Ubiratan F\u00e9lix.<\/p>\n","protected":false},"excerpt":{"rendered":"<p>Na pr\u00f3xima sexta-feira, o Senge-BA, em parceria com a APUB Sindicato e FISENGE (Federa\u00e7\u00e3o Interestadual de Sindicatos de Engenheiros), realizam a palestra Manifesta\u00e7\u00f5es de junho de 2013 e conjunturas nacional e internacional. O evento acontece \u00e0s 19h, no audit\u00f3rio da Escola Polit\u00e9cnica da UFBA. A palestra ser\u00e1 ministrada pelo historiador professor doutor Valter Pomar, e [&hellip;]<\/p>\n","protected":false},"author":1,"featured_media":0,"comment_status":"closed","ping_status":"closed","sticky":false,"template":"","format":"standard","meta":{"footnotes":""},"categories":[146],"tags":[],"class_list":["post-10363","post","type-post","status-publish","format-standard","hentry","category-latest-news"],"_links":{"self":[{"href":"https:\/\/apub.org.br\/siteantigo\/wp-json\/wp\/v2\/posts\/10363","targetHints":{"allow":["GET"]}}],"collection":[{"href":"https:\/\/apub.org.br\/siteantigo\/wp-json\/wp\/v2\/posts"}],"about":[{"href":"https:\/\/apub.org.br\/siteantigo\/wp-json\/wp\/v2\/types\/post"}],"author":[{"embeddable":true,"href":"https:\/\/apub.org.br\/siteantigo\/wp-json\/wp\/v2\/users\/1"}],"replies":[{"embeddable":true,"href":"https:\/\/apub.org.br\/siteantigo\/wp-json\/wp\/v2\/comments?post=10363"}],"version-history":[{"count":0,"href":"https:\/\/apub.org.br\/siteantigo\/wp-json\/wp\/v2\/posts\/10363\/revisions"}],"wp:attachment":[{"href":"https:\/\/apub.org.br\/siteantigo\/wp-json\/wp\/v2\/media?parent=10363"}],"wp:term":[{"taxonomy":"category","embeddable":true,"href":"https:\/\/apub.org.br\/siteantigo\/wp-json\/wp\/v2\/categories?post=10363"},{"taxonomy":"post_tag","embeddable":true,"href":"https:\/\/apub.org.br\/siteantigo\/wp-json\/wp\/v2\/tags?post=10363"}],"curies":[{"name":"wp","href":"https:\/\/api.w.org\/{rel}","templated":true}]}}