{"id":10366,"date":"2013-07-18T16:17:09","date_gmt":"2013-07-18T16:17:09","guid":{"rendered":"http:\/\/apub.org.br\/?p=10366"},"modified":"2013-07-18T16:17:09","modified_gmt":"2013-07-18T16:17:09","slug":"apub-se-reune-com-pesquisadores-da-ufba","status":"publish","type":"post","link":"https:\/\/apub.org.br\/siteantigo\/apub-se-reune-com-pesquisadores-da-ufba\/","title":{"rendered":"Apub se re\u00fane com pesquisadores da UFBA"},"content":{"rendered":"<p style=\"text-align: justify;\">A diretoria da Apub Sindicato se re\u00fane com os professores e coordenadores de projetos de pesquisa, nesta ter\u00e7a-feira (23\/07), \u00e0s 16h30, na sede da entidade, para tratar sobre demandas, condi\u00e7\u00f5es e pol\u00edticas de gest\u00e3o da pesquisa. A reuni\u00e3o foi convocada devido ao momento em que vivem os pesquisadores na UFBA. Os professores est\u00e3o enfrentando problemas, em fun\u00e7\u00e3o das atitudes que v\u00eam sendo tomadas pelas inst\u00e2ncias regulat\u00f3rias. A partir das discuss\u00f5es, ser\u00e1 feita uma pauta para apresentar \u00e0 Reitoria da Universidade Federal da Bahia, em audi\u00eancia a ser agendada.<\/p>\n","protected":false},"excerpt":{"rendered":"<p>A diretoria da Apub Sindicato se re\u00fane com os professores e coordenadores de projetos de pesquisa, nesta ter\u00e7a-feira (23\/07), \u00e0s 16h30, na sede da entidade, para tratar sobre demandas, condi\u00e7\u00f5es e pol\u00edticas de gest\u00e3o da pesquisa. A reuni\u00e3o foi convocada devido ao momento em que vivem os pesquisadores na UFBA. Os professores est\u00e3o enfrentando problemas, [&hellip;]<\/p>\n","protected":false},"author":1,"featured_media":0,"comment_status":"closed","ping_status":"closed","sticky":false,"template":"","format":"standard","meta":{"footnotes":""},"categories":[144,146],"tags":[],"class_list":["post-10366","post","type-post","status-publish","format-standard","hentry","category-ufba-latest-news","category-latest-news"],"_links":{"self":[{"href":"https:\/\/apub.org.br\/siteantigo\/wp-json\/wp\/v2\/posts\/10366","targetHints":{"allow":["GET"]}}],"collection":[{"href":"https:\/\/apub.org.br\/siteantigo\/wp-json\/wp\/v2\/posts"}],"about":[{"href":"https:\/\/apub.org.br\/siteantigo\/wp-json\/wp\/v2\/types\/post"}],"author":[{"embeddable":true,"href":"https:\/\/apub.org.br\/siteantigo\/wp-json\/wp\/v2\/users\/1"}],"replies":[{"embeddable":true,"href":"https:\/\/apub.org.br\/siteantigo\/wp-json\/wp\/v2\/comments?post=10366"}],"version-history":[{"count":0,"href":"https:\/\/apub.org.br\/siteantigo\/wp-json\/wp\/v2\/posts\/10366\/revisions"}],"wp:attachment":[{"href":"https:\/\/apub.org.br\/siteantigo\/wp-json\/wp\/v2\/media?parent=10366"}],"wp:term":[{"taxonomy":"category","embeddable":true,"href":"https:\/\/apub.org.br\/siteantigo\/wp-json\/wp\/v2\/categories?post=10366"},{"taxonomy":"post_tag","embeddable":true,"href":"https:\/\/apub.org.br\/siteantigo\/wp-json\/wp\/v2\/tags?post=10366"}],"curies":[{"name":"wp","href":"https:\/\/api.w.org\/{rel}","templated":true}]}}