{"id":10403,"date":"2013-07-23T15:44:38","date_gmt":"2013-07-23T15:44:38","guid":{"rendered":"http:\/\/apub.org.br\/?p=10403"},"modified":"2013-07-23T15:44:38","modified_gmt":"2013-07-23T15:44:38","slug":"10403","status":"publish","type":"post","link":"https:\/\/apub.org.br\/siteantigo\/10403\/","title":{"rendered":"Lan\u00e7amento da Resid\u00eancia AU+E\/UFBA"},"content":{"rendered":"<p style=\"text-align: justify;\">A Faculdade de Arquitetura da Universidade Federal da Bahia, por meio do Programa de P\u00f3s-Gradua\u00e7\u00e3o em Arquitetura e Urbanismo e do LabHabitar, em parceria com a Escola Polit\u00e9cnica desta UFBA, convidam para o lan\u00e7amento da Resid\u00eancia em Arquitetura, Urbanismo e Engenharia, nesta quarta-feira (24\/07), \u00e0s 17 horas, no audit\u00f3rio da\u00a0 FAUFBA.<\/p>\n<p style=\"text-align: justify;\">A iniciativa se realiza com a implanta\u00e7\u00e3o do curso de especializa\u00e7\u00e3o para Assist\u00eancia T\u00e9cnica em Habita\u00e7\u00e3o e Direito \u00e0 Cidade, associado \u00e0 elabora\u00e7\u00e3o de projetos de interesse social, com base na Lei Federal n\u00b0 11.888\/2008, que institui assist\u00eancia t\u00e9cnica p\u00fablica e gratuita nessa \u00e1rea de atua\u00e7\u00e3o. Inspirada na Resid\u00eancia M\u00e9dica, considera tamb\u00e9m os princ\u00edpios da Resid\u00eancia Social da UFBA. O evento ter\u00e1 como conferencista a arquiteta e professora Erm\u00ednia Maricato\/FAUUSP, madrinha do projeto.<\/p>\n<p style=\"text-align: justify;\">\n<p style=\"text-align: justify;\"><strong>PROGRAMA\u00c7\u00c3O DO EVENTO<\/strong><\/p>\n<p style=\"text-align: justify;\"><strong>17h<\/strong><\/p>\n<p style=\"text-align: justify;\"><strong>Abertura<\/strong><\/p>\n<p style=\"text-align: justify;\">&#8211; Profa. Naia Alban Suarez (Diretora da FAUFBA) \u2013 Presidente da Mesa<\/p>\n<p style=\"text-align: justify;\">&#8211; Profa. Dora Leal Rosa (Reitora da UFBA)<\/p>\n<p style=\"text-align: justify;\">&#8211; Profa. Blandina Felipe Viana (Pr\u00f3-Reitora de Extens\u00e3o da UFBA)<\/p>\n<p style=\"text-align: justify;\">&#8211; Prof. Robert Verhine (Pr\u00f3-Reitor de Ensino de P\u00f3s-Gradua\u00e7\u00e3o da UFBA)<\/p>\n<p style=\"text-align: justify;\">&#8211; Prof. Marcelo Embiru\u00e7u (Pr\u00f3-Reitor Pesquisa, Cria\u00e7\u00e3o e Inova\u00e7\u00e3o da UFBA)<\/p>\n<p style=\"text-align: justify;\">&#8211; Prof. Lu\u00eds Edmundo Prado de Campos (Diretor da Escola Polit\u00e9cnica -UFBA)<\/p>\n<p style=\"text-align: justify;\">&#8211; Prof. Francisco Assis Costa (Coordenador do PPGAU-UFBA)<\/p>\n<p style=\"text-align: justify;\">&#8211; Profa. Angela Gordilho Souza\u00a0 (Coordenadora do LabHabitar\/PPGAU-UFBA)<\/p>\n<p style=\"text-align: justify;\"><strong>17h30<\/strong><\/p>\n<p style=\"text-align: justify;\"><strong>Mesa de Homenageados<\/strong><\/p>\n<p style=\"text-align: justify;\">&#8211; Profa. Angela Gordilho Souza (Coordenadora Resid\u00eancia AU+E\/UFBA) &#8211; Presidente da mesa:<\/p>\n<p style=\"text-align: justify;\">Homenageados:<\/p>\n<p style=\"text-align: justify;\">&#8211; Profa. Erm\u00ednia Maricato (FAUUSP &#8211; Madrinha da Resid\u00eancia AU+E\/FAUFBA)<\/p>\n<p style=\"text-align: justify;\">&#8211; Prof. Pasqualino Magnavita (PPGAU-UFBA, fundador do NEHA-FAUFBA)<\/p>\n<p style=\"text-align: justify;\">&#8211; Profa. Maria Brand\u00e3o (UFBA, NEHA-FAUFBA e LabHabitar-PPGAU-UFBA)<\/p>\n<p style=\"text-align: justify;\">&#8211; Dep. Federal Zez\u00e9u Ribeiro (Lei Federal No.11.888\/2008 &#8211; Assist\u00eancia<\/p>\n<p style=\"text-align: justify;\">T\u00e9cnica\/AUE)<\/p>\n<p style=\"text-align: justify;\"><strong>18h<\/strong><\/p>\n<p style=\"text-align: justify;\"><strong>Confer\u00eancia<\/strong><\/p>\n<p style=\"text-align: justify;\">&#8211; Profa Erm\u00ednia Maricato (FAUUSP)<\/p>\n<p style=\"text-align: justify;\"><em>Fonte: divulga\u00e7\u00e3o<\/em><\/p>\n","protected":false},"excerpt":{"rendered":"<p>A Faculdade de Arquitetura da Universidade Federal da Bahia, por meio do Programa de P\u00f3s-Gradua\u00e7\u00e3o em Arquitetura e Urbanismo e do LabHabitar, em parceria com a Escola Polit\u00e9cnica desta UFBA, convidam para o lan\u00e7amento da Resid\u00eancia em Arquitetura, Urbanismo e Engenharia, nesta quarta-feira (24\/07), \u00e0s 17 horas, no audit\u00f3rio da\u00a0 FAUFBA. A iniciativa se realiza [&hellip;]<\/p>\n","protected":false},"author":1,"featured_media":0,"comment_status":"closed","ping_status":"closed","sticky":false,"template":"","format":"standard","meta":{"footnotes":""},"categories":[144,146],"tags":[],"class_list":["post-10403","post","type-post","status-publish","format-standard","hentry","category-ufba-latest-news","category-latest-news"],"_links":{"self":[{"href":"https:\/\/apub.org.br\/siteantigo\/wp-json\/wp\/v2\/posts\/10403","targetHints":{"allow":["GET"]}}],"collection":[{"href":"https:\/\/apub.org.br\/siteantigo\/wp-json\/wp\/v2\/posts"}],"about":[{"href":"https:\/\/apub.org.br\/siteantigo\/wp-json\/wp\/v2\/types\/post"}],"author":[{"embeddable":true,"href":"https:\/\/apub.org.br\/siteantigo\/wp-json\/wp\/v2\/users\/1"}],"replies":[{"embeddable":true,"href":"https:\/\/apub.org.br\/siteantigo\/wp-json\/wp\/v2\/comments?post=10403"}],"version-history":[{"count":0,"href":"https:\/\/apub.org.br\/siteantigo\/wp-json\/wp\/v2\/posts\/10403\/revisions"}],"wp:attachment":[{"href":"https:\/\/apub.org.br\/siteantigo\/wp-json\/wp\/v2\/media?parent=10403"}],"wp:term":[{"taxonomy":"category","embeddable":true,"href":"https:\/\/apub.org.br\/siteantigo\/wp-json\/wp\/v2\/categories?post=10403"},{"taxonomy":"post_tag","embeddable":true,"href":"https:\/\/apub.org.br\/siteantigo\/wp-json\/wp\/v2\/tags?post=10403"}],"curies":[{"name":"wp","href":"https:\/\/api.w.org\/{rel}","templated":true}]}}