{"id":10976,"date":"2013-08-16T14:42:46","date_gmt":"2013-08-16T14:42:46","guid":{"rendered":"http:\/\/apub.org.br\/?p=10976"},"modified":"2013-08-16T14:42:46","modified_gmt":"2013-08-16T14:42:46","slug":"ix-encontro-do-proifes-condicoes-da-educacao-e-o-papel-das-entidades-na-luta-por-melhorias","status":"publish","type":"post","link":"https:\/\/apub.org.br\/siteantigo\/ix-encontro-do-proifes-condicoes-da-educacao-e-o-papel-das-entidades-na-luta-por-melhorias\/","title":{"rendered":"IX Encontro do Proifes: Condi\u00e7\u00f5es da educa\u00e7\u00e3o e o papel das entidades na luta por melhorias"},"content":{"rendered":"<p style=\"text-align: justify;\">\n<p style=\"text-align: justify;\">Durante os cinco dias do IX Encontro Nacional do Proifes, realizado em Jo\u00e3o Pessoa (PB), foram discutidas as condi\u00e7\u00f5es da educa\u00e7\u00e3o no Brasil e no mundo, a necessidade da retomada da autonomia universit\u00e1ria, fomento \u00e0 pesquisa nas IFES, reestrutura\u00e7\u00e3o das carreiras e aposentadoria, papel que as entidades representativas da categoria devem desempenhar na luta por melhorias e garantias de direitos. Outro foco dos debates foi a Conae (Confer\u00eancia Nacional da Educa\u00e7\u00e3o), que acontece em fevereiro de 2014. Foram tratados ainda outros temas, como o programa Mais M\u00e9dicos.<\/p>\n<p style=\"text-align: justify;\">\n<p style=\"text-align: justify;\">\n<p style=\"text-align: justify;\">\n<p style=\"text-align: justify;\">\n<p style=\"text-align: justify;\"><a href=\"http:\/\/proifes.org.br\/eixos-da-conae-2014-foram-discutidos-em-joao-pessoa-na-conferencia-livre-presencial-organizada-pelo-proifes\/\" target=\"_blank\">Confer\u00eancia Livre preparat\u00f3ria para a Conae<\/a><\/p>\n<p style=\"text-align: justify;\"><a href=\"http:\/\/proifes.org.br\/ix-encontro-do-proifes-inicia-com-importantes-discussoes-sobre-a-educacao-nacional-e-internacional\/\" target=\"_blank\">Abertura do Encontro: a situa\u00e7\u00e3o da educa\u00e7\u00e3o no Brasil e no mundo<\/a><\/p>\n<p style=\"text-align: justify;\"><a href=\"http:\/\/proifes.org.br\/a-autonomia-universitaria-abre-os-trabalhos-do-2o-dia-do-ix-encontro-nacional-do-proifes-federacao\/\" target=\"_blank\">Segundo dia: autonomia universit\u00e1ria<\/a> . <a href=\"http:\/\/proifes.org.br\/a-autonomia-universitaria-abre-os-trabalhos-do-2o-dia-do-ix-encontro-nacional-do-proifes-federacao\/\" target=\"_blank\">Mat\u00e9ria 2<\/a><\/p>\n<p style=\"text-align: justify;\"><a href=\"http:\/\/proifes.org.br\/ix-encontro-nacional-em-debate-as-regras-para-a-promocao-a-classe-de-titular-nas-carreiras-do-ms-e-ebtt\/\" target=\"_blank\">Terceiro dia: carreira<\/a><\/p>\n<p style=\"text-align: justify;\"><a href=\"http:\/\/proifes.org.br\/ix-encontro-nacional-aposentadoria-dos-professores-das-ifes-ontem-hoje-e-amanha\/\" target=\"_blank\">Quarto dia: aposentadoria<\/a><\/p>\n","protected":false},"excerpt":{"rendered":"<p>Durante os cinco dias do IX Encontro Nacional do Proifes, realizado em Jo\u00e3o Pessoa (PB), foram discutidas as condi\u00e7\u00f5es da educa\u00e7\u00e3o no Brasil e no mundo, a necessidade da retomada da autonomia universit\u00e1ria, fomento \u00e0 pesquisa nas IFES, reestrutura\u00e7\u00e3o das carreiras e aposentadoria, papel que as entidades representativas da categoria devem desempenhar na luta por [&hellip;]<\/p>\n","protected":false},"author":1,"featured_media":0,"comment_status":"closed","ping_status":"closed","sticky":false,"template":"","format":"standard","meta":{"footnotes":""},"categories":[137,139,141,142,144,146],"tags":[175,190,232,290,303,322,335,437,505,507,517],"class_list":["post-10976","post","type-post","status-publish","format-standard","hentry","category-carreira-2","category-educacao","category-ifba","category-proifes-2","category-ufba-latest-news","category-latest-news","tag-apub","tag-bahia","tag-conjuntura","tag-ensino-superior","tag-faced","tag-governo-federal","tag-ifba","tag-proifes","tag-ufba","tag-noticias","tag-universidades"],"_links":{"self":[{"href":"https:\/\/apub.org.br\/siteantigo\/wp-json\/wp\/v2\/posts\/10976","targetHints":{"allow":["GET"]}}],"collection":[{"href":"https:\/\/apub.org.br\/siteantigo\/wp-json\/wp\/v2\/posts"}],"about":[{"href":"https:\/\/apub.org.br\/siteantigo\/wp-json\/wp\/v2\/types\/post"}],"author":[{"embeddable":true,"href":"https:\/\/apub.org.br\/siteantigo\/wp-json\/wp\/v2\/users\/1"}],"replies":[{"embeddable":true,"href":"https:\/\/apub.org.br\/siteantigo\/wp-json\/wp\/v2\/comments?post=10976"}],"version-history":[{"count":0,"href":"https:\/\/apub.org.br\/siteantigo\/wp-json\/wp\/v2\/posts\/10976\/revisions"}],"wp:attachment":[{"href":"https:\/\/apub.org.br\/siteantigo\/wp-json\/wp\/v2\/media?parent=10976"}],"wp:term":[{"taxonomy":"category","embeddable":true,"href":"https:\/\/apub.org.br\/siteantigo\/wp-json\/wp\/v2\/categories?post=10976"},{"taxonomy":"post_tag","embeddable":true,"href":"https:\/\/apub.org.br\/siteantigo\/wp-json\/wp\/v2\/tags?post=10976"}],"curies":[{"name":"wp","href":"https:\/\/api.w.org\/{rel}","templated":true}]}}