{"id":11020,"date":"2013-08-21T14:01:01","date_gmt":"2013-08-21T14:01:01","guid":{"rendered":"http:\/\/apub.org.br\/?p=11020"},"modified":"2013-08-21T14:01:01","modified_gmt":"2013-08-21T14:01:01","slug":"diretrizes-gerais-para-intervencao-na-conae-2014","status":"publish","type":"post","link":"https:\/\/apub.org.br\/siteantigo\/diretrizes-gerais-para-intervencao-na-conae-2014\/","title":{"rendered":"Diretrizes gerais para interven\u00e7\u00e3o na Conae 2014"},"content":{"rendered":"<p style=\"text-align: justify;\">\n<a href=\"http:\/\/apub.org.br\/wp-content\/uploads\/2013\/08\/conae-2014.jpg\"><img fetchpriority=\"high\" decoding=\"async\" class=\"alignright\" title=\"conae 2014\" src=\"http:\/\/apub.org.br\/wp-content\/uploads\/2013\/08\/conae-2014.jpg\" alt=\"\" width=\"224\" height=\"224\" \/><\/a>discuss\u00f5es acerca da Confer\u00eancia Nacional da Educa\u00e7\u00e3o, que acontece em fevereiro de 2014 foi acerca de sete eixos: Plano Nacional de Educa\u00e7\u00e3o e o Sistema Nacional de Educa\u00e7\u00e3o: organiza\u00e7\u00e3o e regula\u00e7\u00e3o; Educa\u00e7\u00e3o e diversidade: justi\u00e7a social, inclus\u00e3o e direitos humanos; Educa\u00e7\u00e3o, trabalho e desenvolvimento sustent\u00e1vel: cultura, ci\u00eancia, tecnologia, sa\u00fade, meio ambiente; Qualidade da educa\u00e7\u00e3o: democratiza\u00e7\u00e3o do acesso, perman\u00eancia, avalia\u00e7\u00e3o, condi\u00e7\u00f5es de participa\u00e7\u00e3o e aprendizagem; Gest\u00e3o democr\u00e1tica, participa\u00e7\u00e3o popular e controle social; Valoriza\u00e7\u00e3o dos profissionais da educa\u00e7\u00e3o: forma\u00e7\u00e3o, remunera\u00e7\u00e3o, carreira e condi\u00e7\u00f5es de trabalho; Financiamento da educa\u00e7\u00e3o: gest\u00e3o, transpar\u00eancia e controle social dos recursos. Leia o <a href=\"http:\/\/apub.org.br\/wp-content\/uploads\/2013\/08\/Propostas-aprovadas-e-consolidadas-pelo-IX-Encontro-Nacional-CONAE-2014.pdf\">documento na \u00edntegra.<\/a><\/p>\n","protected":false},"excerpt":{"rendered":"<p>discuss\u00f5es acerca da Confer\u00eancia Nacional da Educa\u00e7\u00e3o, que acontece em fevereiro de 2014 foi acerca de sete eixos: Plano Nacional de Educa\u00e7\u00e3o e o Sistema Nacional de Educa\u00e7\u00e3o: organiza\u00e7\u00e3o e regula\u00e7\u00e3o; Educa\u00e7\u00e3o e diversidade: justi\u00e7a social, inclus\u00e3o e direitos humanos; Educa\u00e7\u00e3o, trabalho e desenvolvimento sustent\u00e1vel: cultura, ci\u00eancia, tecnologia, sa\u00fade, meio ambiente; Qualidade da educa\u00e7\u00e3o: democratiza\u00e7\u00e3o [&hellip;]<\/p>\n","protected":false},"author":1,"featured_media":11025,"comment_status":"closed","ping_status":"closed","sticky":false,"template":"","format":"standard","meta":{"footnotes":""},"categories":[139,142,146],"tags":[175,190,290,437,517],"class_list":["post-11020","post","type-post","status-publish","format-standard","has-post-thumbnail","hentry","category-educacao","category-proifes-2","category-latest-news","tag-apub","tag-bahia","tag-ensino-superior","tag-proifes","tag-universidades"],"_links":{"self":[{"href":"https:\/\/apub.org.br\/siteantigo\/wp-json\/wp\/v2\/posts\/11020","targetHints":{"allow":["GET"]}}],"collection":[{"href":"https:\/\/apub.org.br\/siteantigo\/wp-json\/wp\/v2\/posts"}],"about":[{"href":"https:\/\/apub.org.br\/siteantigo\/wp-json\/wp\/v2\/types\/post"}],"author":[{"embeddable":true,"href":"https:\/\/apub.org.br\/siteantigo\/wp-json\/wp\/v2\/users\/1"}],"replies":[{"embeddable":true,"href":"https:\/\/apub.org.br\/siteantigo\/wp-json\/wp\/v2\/comments?post=11020"}],"version-history":[{"count":0,"href":"https:\/\/apub.org.br\/siteantigo\/wp-json\/wp\/v2\/posts\/11020\/revisions"}],"wp:featuredmedia":[{"embeddable":true,"href":"https:\/\/apub.org.br\/siteantigo\/wp-json\/"}],"wp:attachment":[{"href":"https:\/\/apub.org.br\/siteantigo\/wp-json\/wp\/v2\/media?parent=11020"}],"wp:term":[{"taxonomy":"category","embeddable":true,"href":"https:\/\/apub.org.br\/siteantigo\/wp-json\/wp\/v2\/categories?post=11020"},{"taxonomy":"post_tag","embeddable":true,"href":"https:\/\/apub.org.br\/siteantigo\/wp-json\/wp\/v2\/tags?post=11020"}],"curies":[{"name":"wp","href":"https:\/\/api.w.org\/{rel}","templated":true}]}}