{"id":11028,"date":"2013-08-21T14:35:21","date_gmt":"2013-08-21T14:35:21","guid":{"rendered":"http:\/\/apub.org.br\/?p=11028"},"modified":"2013-08-21T14:35:21","modified_gmt":"2013-08-21T14:35:21","slug":"comissao-estadual-da-verdade-e-empossada-e-inicia-trabalhos","status":"publish","type":"post","link":"https:\/\/apub.org.br\/siteantigo\/comissao-estadual-da-verdade-e-empossada-e-inicia-trabalhos\/","title":{"rendered":"Comiss\u00e3o Estadual da Verdade \u00e9 empossada e inicia trabalhos"},"content":{"rendered":"<p style=\"text-align: justify;\">\n<div id=\"_mcePaste\" style=\"text-align: justify;\"><a href=\"http:\/\/apub.org.br\/wp-content\/uploads\/2013\/08\/200813MD-12copy.jpg\"><img fetchpriority=\"high\" decoding=\"async\" class=\"alignleft size-medium wp-image-11031\" title=\"200813MD 12copy\" src=\"http:\/\/apub.org.br\/wp-content\/uploads\/2013\/08\/200813MD-12copy-300x199.jpg\" alt=\"\" width=\"300\" height=\"199\" \/><\/a>Entre as v\u00edtimas presentes, estava Amab\u00edlia Almeida, educadora perseguida durante o regime e que est\u00e1 entre os sete membros da comiss\u00e3o. Ela fez um discurso emocionado sobre a necessidade de se revelar as atrocidades cometidas no pa\u00eds, entre os anos de 1964 a 1985.<\/div>\n<div id=\"_mcePaste\" style=\"text-align: justify;\">Amab\u00edlia lembrou a morte do guerrilheiro baiano Carlos Marighella, considerado o inimigo n\u00ba 1 da ditadura, cujas circunst\u00e2ncias ainda s\u00e3o controversas. O poema de Ana Montenegro, sobre o enterro de Marighella, foi declamado: \u201cEm seu enterro n\u00e3o havia vozes: sob censura estavam as salmodias. Mas luz, e flor, e povo, e canto responder\u00e3o \u201cpresente\u201d, chegada a primavera mesmo que tardia!\u201d<\/div>\n<div id=\"_mcePaste\" style=\"text-align: justify;\">Al\u00e9m da educadora, tamb\u00e9m foram empossados pelo governador Jaques Wagner, Ant\u00f4nio Walter Pinheiro, Carlos Navarro Filho, Dulce Tamara Lamego Silva e Aquino, Jackson Chaves de Azevedo, Vera Leonelli e Joviniano Neto. Este \u00faltimo, membro do grupo Tortura Nunca Mais, foi escolhido coordenador da comiss\u00e3o.<\/div>\n<div id=\"_mcePaste\" style=\"text-align: justify;\">A Comiss\u00e3o<\/div>\n<div id=\"_mcePaste\" style=\"text-align: justify;\">A sede do grupo ser\u00e1 instalada provisoriamente em um pr\u00e9dio da Embasa, localizado na Barroquinha, nas proximidades da Pra\u00e7a Castro Alves, na capital baiana. Em um per\u00edodo de dois anos, os integrantes v\u00e3o trabalhar na investiga\u00e7\u00e3o e esclarecimento dos casos de viola\u00e7\u00f5es de direitos humanos praticados na Bahia, durante da ditadura de 64.<\/div>\n<div id=\"_mcePaste\" style=\"text-align: justify;\">Ao final, um relat\u00f3rio ser\u00e1 elaborado, tornando p\u00fablico e oficial o reconhecimento de abusos cometidos, para que o Estado assuma as responsabilidades. A comiss\u00e3o baiana tamb\u00e9m vai auxiliar a Comiss\u00e3o Nacional da Verdade, que j\u00e1 trabalha desde 2009 na busca pela garantia do direito \u00e0 mem\u00f3ria e \u00e0 verdade hist\u00f3rica.<\/div>\n<div id=\"_mcePaste\" style=\"text-align: justify;\">\u201cN\u00f3s estamos come\u00e7ando com uma coisa pequena, com cinco assessores e dois estagi\u00e1rios, pra pegar um trabalho muito grande. Dependemos n\u00e3o s\u00f3 desses assessores, mas do apoio do Estado e de outras entidades. Precisamos de um conv\u00eanio tamb\u00e9m com as outras comiss\u00f5es da verdade, como a da Faculdade de Direito [da UFBA]\u201d, explicou o coordenador, Jovianiano Neto, diretor da Apub Sindicato.<\/div>\n<div style=\"text-align: justify;\"><em>Fonte Portal Vermelho<\/em><\/div>\n<div style=\"text-align: justify;\"><em>Foto Manu Dias &#8211; Agecom<\/em><\/div>\n","protected":false},"excerpt":{"rendered":"<p>Entre as v\u00edtimas presentes, estava Amab\u00edlia Almeida, educadora perseguida durante o regime e que est\u00e1 entre os sete membros da comiss\u00e3o. Ela fez um discurso emocionado sobre a necessidade de se revelar as atrocidades cometidas no pa\u00eds, entre os anos de 1964 a 1985. Amab\u00edlia lembrou a morte do guerrilheiro baiano Carlos Marighella, considerado o [&hellip;]<\/p>\n","protected":false},"author":1,"featured_media":11031,"comment_status":"closed","ping_status":"closed","sticky":false,"template":"","format":"standard","meta":{"footnotes":""},"categories":[146],"tags":[175,190,214,243,268,320,322,344,354,517],"class_list":["post-11028","post","type-post","status-publish","format-standard","has-post-thumbnail","hentry","category-latest-news","tag-apub","tag-bahia","tag-comissao-da-verdade","tag-coordenacao","tag-ditadura-militar","tag-governador","tag-governo-federal","tag-jacques-wagner","tag-joviniano-neto","tag-universidades"],"_links":{"self":[{"href":"https:\/\/apub.org.br\/siteantigo\/wp-json\/wp\/v2\/posts\/11028","targetHints":{"allow":["GET"]}}],"collection":[{"href":"https:\/\/apub.org.br\/siteantigo\/wp-json\/wp\/v2\/posts"}],"about":[{"href":"https:\/\/apub.org.br\/siteantigo\/wp-json\/wp\/v2\/types\/post"}],"author":[{"embeddable":true,"href":"https:\/\/apub.org.br\/siteantigo\/wp-json\/wp\/v2\/users\/1"}],"replies":[{"embeddable":true,"href":"https:\/\/apub.org.br\/siteantigo\/wp-json\/wp\/v2\/comments?post=11028"}],"version-history":[{"count":0,"href":"https:\/\/apub.org.br\/siteantigo\/wp-json\/wp\/v2\/posts\/11028\/revisions"}],"wp:featuredmedia":[{"embeddable":true,"href":"https:\/\/apub.org.br\/siteantigo\/wp-json\/"}],"wp:attachment":[{"href":"https:\/\/apub.org.br\/siteantigo\/wp-json\/wp\/v2\/media?parent=11028"}],"wp:term":[{"taxonomy":"category","embeddable":true,"href":"https:\/\/apub.org.br\/siteantigo\/wp-json\/wp\/v2\/categories?post=11028"},{"taxonomy":"post_tag","embeddable":true,"href":"https:\/\/apub.org.br\/siteantigo\/wp-json\/wp\/v2\/tags?post=11028"}],"curies":[{"name":"wp","href":"https:\/\/api.w.org\/{rel}","templated":true}]}}