{"id":11075,"date":"2013-09-03T13:14:11","date_gmt":"2013-09-03T13:14:11","guid":{"rendered":"http:\/\/apub.org.br\/?p=11075"},"modified":"2013-09-03T13:14:11","modified_gmt":"2013-09-03T13:14:11","slug":"dia-nacional-de-paralisacao-ato-na-ufba-e-audiencia-com-a-reitora","status":"publish","type":"post","link":"https:\/\/apub.org.br\/siteantigo\/dia-nacional-de-paralisacao-ato-na-ufba-e-audiencia-com-a-reitora\/","title":{"rendered":"Dia Nacional de Paralisa\u00e7\u00e3o: ato na UFBA e audi\u00eancia com a Reitora"},"content":{"rendered":"<p style=\"text-align: justify;\">Como parte da programa\u00e7\u00e3o do Dia Nacional de Luta e Paralisa\u00e7\u00e3o, a Apub Sindicato realizou ato pol\u00edtico na Reitoria da UFBA e protocolou of\u00edcio reafirmando grande parte da demanda que j\u00e1 foi solicitada no m\u00eas de mar\u00e7o e refor\u00e7ando a necessidade de a universidade dar respostas formais. Acesse o documento entregue \u00e0 Reitora com a pauta.<\/p>\n<p style=\"text-align: justify;\">\u00c0s 17h, tem ato em frente \u00e0 Rede Bahia, na Federa\u00e7\u00e3o, pela a democratiza\u00e7\u00e3o das m\u00eddias. O protesto tamb\u00e9m faz parte do Dia Nacional de Lutas e Paralisa\u00e7\u00e3o.<\/p>\n<p style=\"text-align: justify;\">A Marcha das Centrais, prevista para a tarde desta sexta-feira, foi cancelada. De acordo com representantes das centrais sindicais, a a\u00e7\u00e3o foi cancelada por conta da inviabilidade, em decorr\u00eancia da manifesta\u00e7\u00e3o na BR 324, no come\u00e7o da manh\u00e3.<\/p>\n<p style=\"text-align: justify;\">\n\n","protected":false},"excerpt":{"rendered":"<p>Como parte da programa\u00e7\u00e3o do Dia Nacional de Luta e Paralisa\u00e7\u00e3o, a Apub Sindicato realizou ato pol\u00edtico na Reitoria da UFBA e protocolou of\u00edcio reafirmando grande parte da demanda que j\u00e1 foi solicitada no m\u00eas de mar\u00e7o e refor\u00e7ando a necessidade de a universidade dar respostas formais. Acesse o documento entregue \u00e0 Reitora com a [&hellip;]<\/p>\n","protected":false},"author":1,"featured_media":11089,"comment_status":"closed","ping_status":"closed","sticky":false,"template":"","format":"standard","meta":{"footnotes":""},"categories":[137,139,141,144,146],"tags":[175,190,205,232,259,270,290,303,335,402,433,456,457,467,505,507,517],"class_list":["post-11075","post","type-post","status-publish","format-standard","has-post-thumbnail","hentry","category-carreira-2","category-educacao","category-ifba","category-ufba-latest-news","category-latest-news","tag-apub","tag-bahia","tag-categoria","tag-conjuntura","tag-dia-de-luta","tag-docentes","tag-ensino-superior","tag-faced","tag-ifba","tag-paralisacao","tag-professores","tag-reitora","tag-reitoria","tag-reuniao","tag-ufba","tag-noticias","tag-universidades"],"_links":{"self":[{"href":"https:\/\/apub.org.br\/siteantigo\/wp-json\/wp\/v2\/posts\/11075","targetHints":{"allow":["GET"]}}],"collection":[{"href":"https:\/\/apub.org.br\/siteantigo\/wp-json\/wp\/v2\/posts"}],"about":[{"href":"https:\/\/apub.org.br\/siteantigo\/wp-json\/wp\/v2\/types\/post"}],"author":[{"embeddable":true,"href":"https:\/\/apub.org.br\/siteantigo\/wp-json\/wp\/v2\/users\/1"}],"replies":[{"embeddable":true,"href":"https:\/\/apub.org.br\/siteantigo\/wp-json\/wp\/v2\/comments?post=11075"}],"version-history":[{"count":0,"href":"https:\/\/apub.org.br\/siteantigo\/wp-json\/wp\/v2\/posts\/11075\/revisions"}],"wp:featuredmedia":[{"embeddable":true,"href":"https:\/\/apub.org.br\/siteantigo\/wp-json\/"}],"wp:attachment":[{"href":"https:\/\/apub.org.br\/siteantigo\/wp-json\/wp\/v2\/media?parent=11075"}],"wp:term":[{"taxonomy":"category","embeddable":true,"href":"https:\/\/apub.org.br\/siteantigo\/wp-json\/wp\/v2\/categories?post=11075"},{"taxonomy":"post_tag","embeddable":true,"href":"https:\/\/apub.org.br\/siteantigo\/wp-json\/wp\/v2\/tags?post=11075"}],"curies":[{"name":"wp","href":"https:\/\/api.w.org\/{rel}","templated":true}]}}