{"id":11077,"date":"2013-09-03T13:15:18","date_gmt":"2013-09-03T13:15:18","guid":{"rendered":"http:\/\/apub.org.br\/?p=11077"},"modified":"2013-09-03T13:15:18","modified_gmt":"2013-09-03T13:15:18","slug":"hoje-tem-reuniao-com-os-aposentados-na-apub","status":"publish","type":"post","link":"https:\/\/apub.org.br\/siteantigo\/hoje-tem-reuniao-com-os-aposentados-na-apub\/","title":{"rendered":"Hoje tem reuni\u00e3o com os aposentados na Apub"},"content":{"rendered":"<p style=\"text-align: justify;\">Para conhecer as demandas, reencontrar velhos amigos e discutir a pauta do Encontro, que acontece em outubro, a Comiss\u00e3o de Aposentados da Apub convoca os professores para reuni\u00e3o, nesta ter\u00e7a-feira (03\/09), no Espa\u00e7o Cultural da Apub Sindicato, a partir das 15h. Fazem parte da comiss\u00e3o: Maristella Said, Nilza Maria Souza, Ant\u00f4nia Joviniano, Ary Penna Costa, Caiuby Alves e Aur\u00e9lio Lacerda.<\/p>\n","protected":false},"excerpt":{"rendered":"<p>Para conhecer as demandas, reencontrar velhos amigos e discutir a pauta do Encontro, que acontece em outubro, a Comiss\u00e3o de Aposentados da Apub convoca os professores para reuni\u00e3o, nesta ter\u00e7a-feira (03\/09), no Espa\u00e7o Cultural da Apub Sindicato, a partir das 15h. Fazem parte da comiss\u00e3o: Maristella Said, Nilza Maria Souza, Ant\u00f4nia Joviniano, Ary Penna Costa, [&hellip;]<\/p>\n","protected":false},"author":1,"featured_media":0,"comment_status":"closed","ping_status":"closed","sticky":false,"template":"","format":"standard","meta":{"footnotes":""},"categories":[139,146],"tags":[174,175,190,213,230,335,435,505,517],"class_list":["post-11077","post","type-post","status-publish","format-standard","hentry","category-educacao","category-latest-news","tag-aposentados","tag-apub","tag-bahia","tag-comissao","tag-confraternizacao","tag-ifba","tag-programacao-cultural","tag-ufba","tag-universidades"],"_links":{"self":[{"href":"https:\/\/apub.org.br\/siteantigo\/wp-json\/wp\/v2\/posts\/11077","targetHints":{"allow":["GET"]}}],"collection":[{"href":"https:\/\/apub.org.br\/siteantigo\/wp-json\/wp\/v2\/posts"}],"about":[{"href":"https:\/\/apub.org.br\/siteantigo\/wp-json\/wp\/v2\/types\/post"}],"author":[{"embeddable":true,"href":"https:\/\/apub.org.br\/siteantigo\/wp-json\/wp\/v2\/users\/1"}],"replies":[{"embeddable":true,"href":"https:\/\/apub.org.br\/siteantigo\/wp-json\/wp\/v2\/comments?post=11077"}],"version-history":[{"count":0,"href":"https:\/\/apub.org.br\/siteantigo\/wp-json\/wp\/v2\/posts\/11077\/revisions"}],"wp:attachment":[{"href":"https:\/\/apub.org.br\/siteantigo\/wp-json\/wp\/v2\/media?parent=11077"}],"wp:term":[{"taxonomy":"category","embeddable":true,"href":"https:\/\/apub.org.br\/siteantigo\/wp-json\/wp\/v2\/categories?post=11077"},{"taxonomy":"post_tag","embeddable":true,"href":"https:\/\/apub.org.br\/siteantigo\/wp-json\/wp\/v2\/tags?post=11077"}],"curies":[{"name":"wp","href":"https:\/\/api.w.org\/{rel}","templated":true}]}}