{"id":11111,"date":"2013-09-06T12:49:22","date_gmt":"2013-09-06T12:49:22","guid":{"rendered":"http:\/\/apub.org.br\/?p=11111"},"modified":"2013-09-06T12:49:22","modified_gmt":"2013-09-06T12:49:22","slug":"em-debate-mas-condicoes-da-escola-de-musica-da-ufba","status":"publish","type":"post","link":"https:\/\/apub.org.br\/siteantigo\/em-debate-mas-condicoes-da-escola-de-musica-da-ufba\/","title":{"rendered":"Em debate, m\u00e1s condi\u00e7\u00f5es da Escola de M\u00fasica da UFBA"},"content":{"rendered":"<p style=\"text-align: justify;\"><a href=\"http:\/\/apub.org.br\/wp-content\/uploads\/2013\/09\/escola-de-musica.jpg\"><img fetchpriority=\"high\" decoding=\"async\" class=\"alignleft size-medium wp-image-11113\" title=\"escola-de-musica\" src=\"http:\/\/apub.org.br\/wp-content\/uploads\/2013\/09\/escola-de-musica-300x199.jpg\" alt=\"\" width=\"300\" height=\"199\" \/><\/a>Professores, estudantes e servidores da Escola da M\u00fasica da UFBA se re\u00fanem na segunda-feira (09\/09) para discutir sobre as m\u00e1s condi\u00e7\u00f5es em que se encontram o pr\u00e9dio novo e o atual onde est\u00e1 instalada a unidade e organizar um ato p\u00fablico para protestar contra a situa\u00e7\u00e3o e cobrar melhorias. O encontro ser\u00e1 no audit\u00f3rio da Emus, \u00e0s 14h. A Apub Sindicato participa e apoia o movimento. A comiss\u00e3o \u00e9 formada pelo professor Jorge Sacramento, os t\u00e9cnicos Val\u00e9ria Macedo e Romeu Guimar\u00e3es, o estudante S\u00e9rgio Belloli e o representante Madrigal S\u00e9rgio Emmanuel.<\/p>\n","protected":false},"excerpt":{"rendered":"<p>Professores, estudantes e servidores da Escola da M\u00fasica da UFBA se re\u00fanem na segunda-feira (09\/09) para discutir sobre as m\u00e1s condi\u00e7\u00f5es em que se encontram o pr\u00e9dio novo e o atual onde est\u00e1 instalada a unidade e organizar um ato p\u00fablico para protestar contra a situa\u00e7\u00e3o e cobrar melhorias. O encontro ser\u00e1 no audit\u00f3rio da [&hellip;]<\/p>\n","protected":false},"author":1,"featured_media":11113,"comment_status":"closed","ping_status":"closed","sticky":false,"template":"","format":"standard","meta":{"footnotes":""},"categories":[137,139,144,146],"tags":[175,190,290,505,517],"class_list":["post-11111","post","type-post","status-publish","format-standard","has-post-thumbnail","hentry","category-carreira-2","category-educacao","category-ufba-latest-news","category-latest-news","tag-apub","tag-bahia","tag-ensino-superior","tag-ufba","tag-universidades"],"_links":{"self":[{"href":"https:\/\/apub.org.br\/siteantigo\/wp-json\/wp\/v2\/posts\/11111","targetHints":{"allow":["GET"]}}],"collection":[{"href":"https:\/\/apub.org.br\/siteantigo\/wp-json\/wp\/v2\/posts"}],"about":[{"href":"https:\/\/apub.org.br\/siteantigo\/wp-json\/wp\/v2\/types\/post"}],"author":[{"embeddable":true,"href":"https:\/\/apub.org.br\/siteantigo\/wp-json\/wp\/v2\/users\/1"}],"replies":[{"embeddable":true,"href":"https:\/\/apub.org.br\/siteantigo\/wp-json\/wp\/v2\/comments?post=11111"}],"version-history":[{"count":0,"href":"https:\/\/apub.org.br\/siteantigo\/wp-json\/wp\/v2\/posts\/11111\/revisions"}],"wp:featuredmedia":[{"embeddable":true,"href":"https:\/\/apub.org.br\/siteantigo\/wp-json\/"}],"wp:attachment":[{"href":"https:\/\/apub.org.br\/siteantigo\/wp-json\/wp\/v2\/media?parent=11111"}],"wp:term":[{"taxonomy":"category","embeddable":true,"href":"https:\/\/apub.org.br\/siteantigo\/wp-json\/wp\/v2\/categories?post=11111"},{"taxonomy":"post_tag","embeddable":true,"href":"https:\/\/apub.org.br\/siteantigo\/wp-json\/wp\/v2\/tags?post=11111"}],"curies":[{"name":"wp","href":"https:\/\/api.w.org\/{rel}","templated":true}]}}