{"id":11132,"date":"2013-09-10T14:32:46","date_gmt":"2013-09-10T14:32:46","guid":{"rendered":"http:\/\/apub.org.br\/?p=11132"},"modified":"2013-09-10T14:32:46","modified_gmt":"2013-09-10T14:32:46","slug":"nota-de-apoio-ao-ex-deputado-marcelo-duarte","status":"publish","type":"post","link":"https:\/\/apub.org.br\/siteantigo\/nota-de-apoio-ao-ex-deputado-marcelo-duarte\/","title":{"rendered":"Nota de apoio ao ex-deputado Marcelo Duarte"},"content":{"rendered":"<p style=\"text-align: justify;\">Amanh\u00e3, 11 de setembro de 2013, a Comiss\u00e3o Estadual da Verdade da Assembleia Legislativa da Bahia ouvir\u00e1 o ex-deputado Marcelo Duarte. Ser\u00e1 a primeira oitiva da Comiss\u00e3o, que ouvir\u00e1 tamb\u00e9m outros tr\u00eas deputados que ainda est\u00e3o vivos, entre os 16 cassados \u00e0 \u00e9poca. O objetivo \u00e9 a devolu\u00e7\u00e3o simb\u00f3lica dos mandatos cassados pelo arb\u00edtrio da Ditadura.<\/p>\n<p style=\"text-align: justify;\">Marcelo Duarte \u00e9 conhecido tamb\u00e9m como exemplo na \u00e1rea do Direito Constitucional, disciplina que ministrou durante anos na UFBA, e s\u00edmbolo de compet\u00eancia e compromisso com a liberdade. \u00c9 filiado \u00e0 Apub desde 1981.<\/p>\n<p style=\"text-align: justify;\">Ao lhe dar voz na Assembleia que honrou, a Comiss\u00e3o n\u00e3o s\u00f3 contribui para o conhecimento da verdade, mas tamb\u00e9m faz justi\u00e7a ao deputado e aos que o elegeram.<\/p>\n<p style=\"text-align: justify;\">\n<p style=\"text-align: justify;\"><em>Salvador, 10 de setembro de 2013<\/em><\/p>\n<p style=\"text-align: justify;\"><strong>Cl\u00e1udia Miranda &#8211; <\/strong>presidente da Apub Sindicato<\/p>\n","protected":false},"excerpt":{"rendered":"<p>Amanh\u00e3, 11 de setembro de 2013, a Comiss\u00e3o Estadual da Verdade da Assembleia Legislativa da Bahia ouvir\u00e1 o ex-deputado Marcelo Duarte. Ser\u00e1 a primeira oitiva da Comiss\u00e3o, que ouvir\u00e1 tamb\u00e9m outros tr\u00eas deputados que ainda est\u00e3o vivos, entre os 16 cassados \u00e0 \u00e9poca. O objetivo \u00e9 a devolu\u00e7\u00e3o simb\u00f3lica dos mandatos cassados pelo arb\u00edtrio da [&hellip;]<\/p>\n","protected":false},"author":1,"featured_media":0,"comment_status":"closed","ping_status":"closed","sticky":false,"template":"","format":"standard","meta":{"footnotes":""},"categories":[144,146],"tags":[175,183,190,218,268,370,373],"class_list":["post-11132","post","type-post","status-publish","format-standard","hentry","category-ufba-latest-news","category-latest-news","tag-apub","tag-assembleia-legislativa-da-bahia","tag-bahia","tag-comissao-estadual-da-verdade","tag-ditadura-militar","tag-mandato","tag-marcelo-duarte"],"_links":{"self":[{"href":"https:\/\/apub.org.br\/siteantigo\/wp-json\/wp\/v2\/posts\/11132","targetHints":{"allow":["GET"]}}],"collection":[{"href":"https:\/\/apub.org.br\/siteantigo\/wp-json\/wp\/v2\/posts"}],"about":[{"href":"https:\/\/apub.org.br\/siteantigo\/wp-json\/wp\/v2\/types\/post"}],"author":[{"embeddable":true,"href":"https:\/\/apub.org.br\/siteantigo\/wp-json\/wp\/v2\/users\/1"}],"replies":[{"embeddable":true,"href":"https:\/\/apub.org.br\/siteantigo\/wp-json\/wp\/v2\/comments?post=11132"}],"version-history":[{"count":0,"href":"https:\/\/apub.org.br\/siteantigo\/wp-json\/wp\/v2\/posts\/11132\/revisions"}],"wp:attachment":[{"href":"https:\/\/apub.org.br\/siteantigo\/wp-json\/wp\/v2\/media?parent=11132"}],"wp:term":[{"taxonomy":"category","embeddable":true,"href":"https:\/\/apub.org.br\/siteantigo\/wp-json\/wp\/v2\/categories?post=11132"},{"taxonomy":"post_tag","embeddable":true,"href":"https:\/\/apub.org.br\/siteantigo\/wp-json\/wp\/v2\/tags?post=11132"}],"curies":[{"name":"wp","href":"https:\/\/api.w.org\/{rel}","templated":true}]}}