{"id":11763,"date":"2013-12-06T14:14:18","date_gmt":"2013-12-06T14:14:18","guid":{"rendered":"http:\/\/apub.org.br\/?p=11763"},"modified":"2013-12-06T14:14:18","modified_gmt":"2013-12-06T14:14:18","slug":"instalada-na-ufba-a-comissao-da-verdade-milton-santos","status":"publish","type":"post","link":"https:\/\/apub.org.br\/siteantigo\/instalada-na-ufba-a-comissao-da-verdade-milton-santos\/","title":{"rendered":"Instalada na UFBA a Comiss\u00e3o da Verdade Milton Santos"},"content":{"rendered":"<p><a rel=\"attachment wp-att-11764\" href=\"http:\/\/apub.org.br\/?attachment_id=11764\"><\/p>\n<p style=\"text-align: center;\"><img fetchpriority=\"high\" decoding=\"async\" class=\"size-medium wp-image-11764 alignnone\" title=\"DSC_0980\" src=\"http:\/\/apub.org.br\/wp-content\/uploads\/2013\/12\/DSC_0980-300x216.jpg\" alt=\"\" width=\"270\" height=\"194\" \/><\/p>\n<p><\/a><a rel=\"attachment wp-att-11765\" href=\"http:\/\/apub.org.br\/?attachment_id=11765\"><\/a><\/p>\n<p>A Comiss\u00e3o Milton Santos de Mem\u00f3ria e Verdade da UFBA j\u00e1 est\u00e1 instalada e apta para iniciar os trabalhos de localiza\u00e7\u00e3o, an\u00e1lise, avalia\u00e7\u00e3o e cataloga\u00e7\u00e3o de documentos sob a guarda da universidade que se relacionem \u00e0 viola\u00e7\u00e3o de direitos humanos e liberdades individuais, na ditadura militar. O evento foi realizado nesta ter\u00e7a e quarta-feira, no Sal\u00e3o Nobre da Reitoria da UFBA. Comp\u00f5em a Comiss\u00e3o os professores Othon Jambeiro (presidente), Iracy Pican\u00e7o, Jo\u00e3o Augusto Rocha, Emiliano Jos\u00e9, Olival Freire Jr e Ilka Bichara, os estudantes Leandro Coutinho e J\u00e9ssica Santos, al\u00e9m do servidor t\u00e9cnico-administrativo, Umberto Carvalho Bastos. As an\u00e1lises dos documentos poder\u00e3o subsidiar os trabalhos das comiss\u00f5es da Verdade Nacional e da Bahia, de Anistia e a Especial sobre Mortos e Desaparecidos Pol\u00edticos. O professor Joviniano Neto, coordenador da Comiss\u00e3o da Verdade do Estado da Bahia, diretor de Aposentados da Apub Sindicato, e o coordenador-geral da Assufba Sindicato, Renato Jorge, estiveram presentes ao evento.<\/p>\n<p><a rel=\"attachment wp-att-11765\" href=\"http:\/\/apub.org.br\/?attachment_id=11765\"><img decoding=\"async\" class=\"alignleft size-medium wp-image-11765\" title=\"DSC_0890\" src=\"http:\/\/apub.org.br\/wp-content\/uploads\/2013\/12\/DSC_0890-300x200.jpg\" alt=\"\" width=\"270\" height=\"180\" \/><\/a><a rel=\"attachment wp-att-11766\" href=\"http:\/\/apub.org.br\/?attachment_id=11766\"><img decoding=\"async\" class=\"alignleft size-medium wp-image-11766\" title=\"Os membros da Comiss\u00e3o\" src=\"http:\/\/apub.org.br\/wp-content\/uploads\/2013\/12\/DSC_0942-300x200.jpg\" alt=\"\" width=\"270\" height=\"180\" \/><\/a><\/p>\n","protected":false},"excerpt":{"rendered":"<p>A Comiss\u00e3o Milton Santos de Mem\u00f3ria e Verdade da UFBA j\u00e1 est\u00e1 instalada e apta para iniciar os trabalhos de localiza\u00e7\u00e3o, an\u00e1lise, avalia\u00e7\u00e3o e cataloga\u00e7\u00e3o de documentos sob a guarda da universidade que se relacionem \u00e0 viola\u00e7\u00e3o de direitos humanos e liberdades individuais, na ditadura militar. O evento foi realizado nesta ter\u00e7a e quarta-feira, no [&hellip;]<\/p>\n","protected":false},"author":1,"featured_media":11764,"comment_status":"closed","ping_status":"closed","sticky":false,"template":"","format":"standard","meta":{"footnotes":""},"categories":[144,146],"tags":[175,190,214,268,274,303,377,505],"class_list":["post-11763","post","type-post","status-publish","format-standard","has-post-thumbnail","hentry","category-ufba-latest-news","category-latest-news","tag-apub","tag-bahia","tag-comissao-da-verdade","tag-ditadura-militar","tag-educacao","tag-faced","tag-milton-santos","tag-ufba"],"_links":{"self":[{"href":"https:\/\/apub.org.br\/siteantigo\/wp-json\/wp\/v2\/posts\/11763","targetHints":{"allow":["GET"]}}],"collection":[{"href":"https:\/\/apub.org.br\/siteantigo\/wp-json\/wp\/v2\/posts"}],"about":[{"href":"https:\/\/apub.org.br\/siteantigo\/wp-json\/wp\/v2\/types\/post"}],"author":[{"embeddable":true,"href":"https:\/\/apub.org.br\/siteantigo\/wp-json\/wp\/v2\/users\/1"}],"replies":[{"embeddable":true,"href":"https:\/\/apub.org.br\/siteantigo\/wp-json\/wp\/v2\/comments?post=11763"}],"version-history":[{"count":0,"href":"https:\/\/apub.org.br\/siteantigo\/wp-json\/wp\/v2\/posts\/11763\/revisions"}],"wp:featuredmedia":[{"embeddable":true,"href":"https:\/\/apub.org.br\/siteantigo\/wp-json\/"}],"wp:attachment":[{"href":"https:\/\/apub.org.br\/siteantigo\/wp-json\/wp\/v2\/media?parent=11763"}],"wp:term":[{"taxonomy":"category","embeddable":true,"href":"https:\/\/apub.org.br\/siteantigo\/wp-json\/wp\/v2\/categories?post=11763"},{"taxonomy":"post_tag","embeddable":true,"href":"https:\/\/apub.org.br\/siteantigo\/wp-json\/wp\/v2\/tags?post=11763"}],"curies":[{"name":"wp","href":"https:\/\/api.w.org\/{rel}","templated":true}]}}