{"id":12224,"date":"2014-03-24T12:58:44","date_gmt":"2014-03-24T12:58:44","guid":{"rendered":"http:\/\/apub.org.br\/?p=12224"},"modified":"2014-03-24T12:58:44","modified_gmt":"2014-03-24T12:58:44","slug":"ii-congresso-internacional-de-direito-dos-povos-e-comunidades-tradicionais","status":"publish","type":"post","link":"https:\/\/apub.org.br\/siteantigo\/ii-congresso-internacional-de-direito-dos-povos-e-comunidades-tradicionais\/","title":{"rendered":"II Congresso Internacional de Direito dos Povos e Comunidades Tradicionais"},"content":{"rendered":"<h1><span style=\"font-size: 13px; font-weight: normal;\"><a href=\"http:\/\/www.grupodepesquisapct.ufba.br\/?p=292\"><img fetchpriority=\"high\" decoding=\"async\" class=\"alignright size-full wp-image-12242\" title=\"II-Congresso-Internacional-de-Direitos-dos-Povos-e-Comunidades-Tradicionais\" src=\"http:\/\/apub.org.br\/wp-content\/uploads\/2014\/03\/II-Congresso-Internacional-de-Direitos-dos-Povos-e-Comunidades-Tradicionais.jpg\" alt=\"\" width=\"425\" height=\"601\" \/><\/a>O II Congresso Internacional de Direito dos Povos e Comunidades Tradicionais (iicidpct) pretende construir o di\u00e1logo e revelar o estado das pesquisas, das pr\u00e1ticas e do desenvolvimento da efetiva\u00e7\u00e3o de direito dos povos e comunidades tradicionais. o evento contemplar\u00e1 a apresenta\u00e7\u00e3o de trabalhos orais, eventos paralelos e sess\u00f5es plen\u00e1rias com palestras e confer\u00eancias; sess\u00f5es tem\u00e1ticas e mesas redondas, que dar\u00e3o a oportunidade aos participantes de conhecer fundamentos te\u00f3ricos e experi\u00eancias implementadas na defesa do direito dos povos e comunidades tradicionais.<\/span><\/h1>\n<p>O Congresso tem como tema central: \u201cDireito dos Povos e Comunidades Tradicionais: entre a implementa\u00e7\u00e3o e as amea\u00e7as do retrocesso constitucional\u201d, e 5 sub-\u00e1reas tem\u00e1ticas:<\/p>\n<ul>\n<li>Obras de grande impacto e territ\u00f3rios tradicionais<\/li>\n<li>Territ\u00f3rios tradicionais e amea\u00e7as legislativas<\/li>\n<li>Povos tradicionais e viola\u00e7\u00e3o a direitos humanos<\/li>\n<li>Pol\u00edticas p\u00fablicas para povos e comunidades tradicionais: avalia\u00e7\u00e3o da realidade brasileira<\/li>\n<li>O tempo e espac\u0327o para a garantia dos territo\u0301rios tradicionais<\/li>\n<\/ul>\n<p><span style=\"font-weight: bold;\">Coordena\u00e7\u00e3o cient\u00edfica e Comiss\u00e3o organizadora<\/span><\/p>\n<p>Professor Doutor Julio Cesar de S\u00e1 da Rocha (Direito UFBA) e Professor Doutor Ordep Jos\u00e9 Trindade Serra (FFCH UFBA)<\/p>\n<p><strong> <\/strong><\/p>\n<p><strong>Comit\u00ea cient\u00edfico<\/strong><\/p>\n<p>Profa. Dra. Rita de C\u00e1ssia Franco Rego, UFBA (coordenadora); S\u00e8rge Pechin\u00e9 (doutorado), Grupo Hermes; Bruno Amaral Andrade (mestrado), Universidade de Coimbra; Maria Cristina Dos Santos Pechine (mestrado), FIOCRUZ; Lorena Volpini (mestrado), UFBA; Jo\u00e3o Tavares Flores Campos (especialista), UFBA; Mariana Balen Fernandes (mestrado), UFBA.<\/p>\n<p><strong>Tribunal popular dos povos e comunidades tradicionais<\/strong><\/p>\n<p>Professor Dr. Airton Pereira Pinto Universidade do Estado da Bahia com fun\u00e7\u00e3o de Juiz Assistente para apoio do J\u00fari formado por representantes dos povos e comunidades tradicionais<\/p>\n<p><strong> <\/strong><\/p>\n<p><strong>Oficinas<\/strong><\/p>\n<p>A inscri\u00e7\u00e3o \u00e9 gratuita e ocorrer\u00e1 no dia 24.03, at\u00e9 12:00h, na Secretaria do Congresso (Faculdade de Direito, rua da Paz, bairro Gra\u00e7a)<\/p>\n<p>\u201c<strong>Conflitos de uso e apropria\u00e7\u00e3o do territ\u00f3rio, entre o modelo de gest\u00e3o de ucs e direito dos povos tradicionais<\/strong>\u201d<\/p>\n<p>por Frederico Loureiro \u2013 UFRJ<\/p>\n<p><strong>Local<\/strong>: Faculdade de Direito UFBA, rua da Paz, bairro Gra\u00e7a<\/p>\n<p><strong>Dia: <\/strong>24\/03\/14<\/p>\n<p><strong>Hor\u00e1rio<\/strong>: 14:00h \u2013 18.00h<\/p>\n<p><strong>\u201cSa\u00fade integral de povos e comunidades tradicionais\u201d<\/strong><\/p>\n<p>por K\u00e1tia Souto \u2013 Minist\u00e9rio da Sa\u00fade<\/p>\n<p><strong>Local<\/strong>: Faculdade de Medicina (Largo Terreiro de Jesus, Pelourinho<strong> Dia: <\/strong>24\/03\/14<\/p>\n<p><strong>Hor\u00e1rio<\/strong>: 14:00h \u2013 18.00h<\/p>\n<p><strong> <\/strong><\/p>\n<p><strong>Programa\u00e7\u00e3o<\/strong><\/p>\n<p><strong>24 de mar\u00e7o de 2014<\/strong><\/p>\n<p><strong> <\/strong><\/p>\n<p><strong>Local: Faculdade de Direito UFBA<\/strong><\/p>\n<p><strong> <\/strong><\/p>\n<p><strong>09.00h Cerim\u00f4nia de abertura\u00a0\u00a0&#8211; Sala da Congrega\u00e7\u00e3o<\/strong><\/p>\n<p>Reitora da UFBA, Diretora da Faculdade de medicina UFBA e Diretor da faculdade de Direito da UFBA, Coordenadores,\u00a0 Secret\u00e1rios de Estado, Representa\u00e7\u00e3o dos povos e comunidades tradicionais, Minist\u00e9rio P\u00fablico Federal, Minist\u00e9rio P\u00fablico do Estado, Tribunal de Justi\u00e7a, Fiocruz, representantes dos Programas de P\u00f3s-gradua\u00e7\u00e3o.<\/p>\n<p><strong>09:30 \u2013 Confer\u00eancia Magna \u2013 \u201cCartografia, direito e territ\u00f3rios tradicionais\u201d<\/strong><\/p>\n<p>Coordena\u00e7\u00e3o \u2013 Guiomar Inez Germani (UFBA, Posgeo)<\/p>\n<p>Frederico Loureiro \u2013 Ufrj, Brasil<\/p>\n<p>Alfredo Wagner, Universidade Do Amazonas, Brasil<\/p>\n<p><strong>10:30h \u2013 Mesa-Redonda \u201cObras De Grande Impacto, Colonialismo Interno E Territ\u00f3rios Tradicionais\u201d<\/strong><\/p>\n<p>Coordena\u00e7\u00e3o: Maria Hilda Baqueiro, Ufba Ppgh<\/p>\n<p>Antonio Puentes \u2013 Ufba\/Posgeo, Cuba<\/p>\n<p>Luciana Khoury \u2013 Mpe, Brasil<\/p>\n<p>Guilherme Franco \u2013 Fiocruz, Brasil<\/p>\n<p>Rubens Siqueira \u2013 Cpt, Brasil<\/p>\n<p><strong>12:00 Intervalo<\/strong><\/p>\n<p><strong>Local: Faculdade de Direito UFBA<\/strong><\/p>\n<p><strong>14:00h\/18:00h \u2013 Apresenta\u00e7\u00e3o de artigos cient\u00edficos, relatos de experi\u00eancia e p\u00f4steres <\/strong>(programa\u00e7\u00e3o detalhada<a href=\"http:\/\/www.grupodepesquisapct.ufba.br\/?p=340\" target=\"_blank\">http:\/\/www.grupodepesquisapct.ufba.br\/?p=340<\/a>)<\/p>\n<p><strong>14:00h\/18.00h \u2013 Oficina \u201cConflitos de uso e apropria\u00e7\u00e3o do territ\u00f3rio, entre o modelo de gest\u00e3o de ucs e direito dos povos tradicionais<\/strong>\u201d<\/p>\n<p>por Frederico Loureiro \u2013 UFRJ<\/p>\n<p><strong>18:30h Confer\u00eancia Faculdade De Direito UFBA, \u201cDireitos Culturais E Povos Tradicionais\u201d<\/strong><\/p>\n<p>Coordena\u00e7\u00e3o Cristina Seixas, Ceama Mpe<\/p>\n<p>Conferencista: Alessandro Simoni \u2013 Universidade De Floren\u00e7a, It\u00e1lia<\/p>\n<p>Debatedores Pola Ribeiro, Irdeb Brasil e Cl\u00e9lia N\u00e9ri Cort\u00eas, Ufba\u00a0Brasil<\/p>\n<p><strong>20:15 \u2013\u00a0Direito dos povos e comunidades tradicionais: escola de diplomacia ind\u00edgena<\/strong><\/p>\n<p>Conferencista: Julio Gaitan \u2013Universidad Do Rosario, Colombia<\/p>\n<p><strong>25 de mar\u00e7o de 2014<\/strong><\/p>\n<p><strong> <\/strong><\/p>\n<p><strong>Local: Faculdade de Medicina \u2013 UFBA (Terreiro de Jesus, Pelourinho)<\/strong><\/p>\n<p><strong>09:00h Mesa-Redonda \u2013 \u201cTerrit\u00f3rios Tradicionais E Veda\u00e7\u00e3o Do Retrocesso Social E Ambiental: Pec 215\/2000\u201d<\/strong><\/p>\n<p>Coordena\u00e7\u00e3o: Marcia Virgens, Mpe<\/p>\n<p>Julio Cesar De S\u00e1 Da Rocha \u2013 Direito UFBA, Brasil<\/p>\n<p>Valdivino Rodrigues De Souza, Comiss\u00e3o Nacional Povos Tradicionais, Brasil<\/p>\n<p>Jos\u00e9 Augusto Laranjeiras Sampaio \u2013 Une, Brasil<\/p>\n<p><strong>10:30h \u2013Painel \u201cPovos Tradicionais E Viola\u00e7\u00e3o A Direitos Humanos\u201d<\/strong><\/p>\n<p>Coordena\u00e7\u00e3o T\u00e2nia Fischer, PPGA UFBA<\/p>\n<p>Ivone Freire Costa \u2013 Mestrado Seguran\u00e7a UFBA, Brasil<\/p>\n<p>Ekedy Sinha \u2013 Casa Branca, Brasil<\/p>\n<p>C\u00edntia Beatriz Muller \u2013 PPGA\/UFBA, Brasil<\/p>\n<p><strong>12:30 Intervalo <\/strong><\/p>\n<p><strong>14:00h\/18:00h \u2013 Oficina \u201cSa\u00fade integral de povos e comunidades tradicionais\u201d<\/strong><\/p>\n<p>por K\u00e1tia Souto \u2013 Minist\u00e9rio da Sa\u00fade<\/p>\n<p><strong> <\/strong><\/p>\n<p><strong>Local: Faculdade de Direito UFBA<\/strong><\/p>\n<p><strong> <\/strong><\/p>\n<p><strong>14:00h\/18:00h \u2013 Apresenta\u00e7\u00e3o de artigos cient\u00edficos, relatos de experi\u00eancia e P\u00f4steres <\/strong>(programa\u00e7\u00e3o detalhada<a href=\"http:\/\/www.grupodepesquisapct.ufba.br\/?p=340\" target=\"_blank\">http:\/\/www.grupodepesquisapct.ufba.br\/?p=340<\/a>)<\/p>\n<p><strong>18:30h Faculdade De Direito Da Ufba Painel \u201cPol\u00edticas P\u00fablicas Para Povos E Comunidades Tradicionais\u201d<\/strong><\/p>\n<p>Coordena\u00e7\u00e3o Rita Rego, Ufba<\/p>\n<p>Katia Souto (Minist\u00e9rio Da Sa\u00fade, Brasil)<\/p>\n<p>Aderval Costa Filho (Ufmg, Brasil)<\/p>\n<p>Maur\u00edcio Reis (Comiss\u00e3o Estadual Para Sustentabilidade Dos Povos E Comunidades Tradicionais, Bahia, Brasil)<\/p>\n<p><strong>26 de mar\u00e7o de 2014<\/strong><\/p>\n<p><strong> <\/strong><\/p>\n<p><strong>Local: Faculdade de Direito \u2013 UFBA<\/strong><\/p>\n<p><strong> <\/strong><\/p>\n<p><strong>09:00h Mesa \u2013 \u201cRacismo Ambiental: Desafios Globais\u201d<\/strong><\/p>\n<p>Coordena\u00e7\u00e3o: Jo\u00e3o Carlos, Ufba<\/p>\n<p>Ordep Serra \u2013 FFCH\/UFBA, Brasil<\/p>\n<p>Maria Paula Meneses \u2013 Universidade De Coimbra, Mo\u00e7ambique<\/p>\n<p>T\u00e2nia Pacheco (Pesquisadora Bolsista Da Fiocruz, Brasil)<\/p>\n<p><strong>10:00h \u2013 Tribunal Dos Povos E Comunidades Tradicionais<\/strong><\/p>\n<p>Den\u00fancias Pelos Monitores, auxiliado por ju\u00edzes assistentes e julgado pelo Tribunal formado por representantes dos povos e comunidades tradicionais<\/p>\n<p><strong>12:00h \u2013 Encerramento do Congresso<\/strong><\/p>\n","protected":false},"excerpt":{"rendered":"<p>O II Congresso Internacional de Direito dos Povos e Comunidades Tradicionais (iicidpct) pretende construir o di\u00e1logo e revelar o estado das pesquisas, das pr\u00e1ticas e do desenvolvimento da efetiva\u00e7\u00e3o de direito dos povos e comunidades tradicionais. o evento contemplar\u00e1 a apresenta\u00e7\u00e3o de trabalhos orais, eventos paralelos e sess\u00f5es plen\u00e1rias com palestras e confer\u00eancias; sess\u00f5es tem\u00e1ticas [&hellip;]<\/p>\n","protected":false},"author":1,"featured_media":12242,"comment_status":"closed","ping_status":"closed","sticky":false,"template":"","format":"standard","meta":{"footnotes":""},"categories":[146],"tags":[175,322,505,517],"class_list":["post-12224","post","type-post","status-publish","format-standard","has-post-thumbnail","hentry","category-latest-news","tag-apub","tag-governo-federal","tag-ufba","tag-universidades"],"_links":{"self":[{"href":"https:\/\/apub.org.br\/siteantigo\/wp-json\/wp\/v2\/posts\/12224","targetHints":{"allow":["GET"]}}],"collection":[{"href":"https:\/\/apub.org.br\/siteantigo\/wp-json\/wp\/v2\/posts"}],"about":[{"href":"https:\/\/apub.org.br\/siteantigo\/wp-json\/wp\/v2\/types\/post"}],"author":[{"embeddable":true,"href":"https:\/\/apub.org.br\/siteantigo\/wp-json\/wp\/v2\/users\/1"}],"replies":[{"embeddable":true,"href":"https:\/\/apub.org.br\/siteantigo\/wp-json\/wp\/v2\/comments?post=12224"}],"version-history":[{"count":0,"href":"https:\/\/apub.org.br\/siteantigo\/wp-json\/wp\/v2\/posts\/12224\/revisions"}],"wp:featuredmedia":[{"embeddable":true,"href":"https:\/\/apub.org.br\/siteantigo\/wp-json\/"}],"wp:attachment":[{"href":"https:\/\/apub.org.br\/siteantigo\/wp-json\/wp\/v2\/media?parent=12224"}],"wp:term":[{"taxonomy":"category","embeddable":true,"href":"https:\/\/apub.org.br\/siteantigo\/wp-json\/wp\/v2\/categories?post=12224"},{"taxonomy":"post_tag","embeddable":true,"href":"https:\/\/apub.org.br\/siteantigo\/wp-json\/wp\/v2\/tags?post=12224"}],"curies":[{"name":"wp","href":"https:\/\/api.w.org\/{rel}","templated":true}]}}