{"id":12280,"date":"2014-03-28T13:05:48","date_gmt":"2014-03-28T13:05:48","guid":{"rendered":"http:\/\/apub.org.br\/?p=12280"},"modified":"2014-03-28T13:05:48","modified_gmt":"2014-03-28T13:05:48","slug":"faced-realiza-semana-de-debates-sobre-o-brasil-nos-ultimos-50-anos","status":"publish","type":"post","link":"https:\/\/apub.org.br\/siteantigo\/faced-realiza-semana-de-debates-sobre-o-brasil-nos-ultimos-50-anos\/","title":{"rendered":"Faced realiza Semana de debates sobre o Brasil nos \u00faltimos 50 anos"},"content":{"rendered":"<p>Termina nesta s\u00e1bado (29\/03), anivers\u00e1rio de Salvador, a Semana de debates sobre o Brasil nos \u00faltimos 50 anos, realizada pela Faculdade de Educa\u00e7\u00e3o da UFBA (Faced). O objetivo do evento \u00e9 fazer um balan\u00e7o sobre a realidade do pa\u00eds ap\u00f3s o Golpe Militar, ocorrido h\u00e1 cinco d\u00e9cadas, analisando as quest\u00f5es sociais, culturais, pol\u00edticas e econ\u00f4micas neste per\u00edodo. Para abordar o tema, est\u00e3o sendo promovidos debates, mini palestras, exposi\u00e7\u00e3o de filmes, v\u00eddeos e shows. Pela programa\u00e7\u00e3o, as atividades desta sexta (28\/03), come\u00e7am \u00e0s 8h, no audit\u00f3rio II da Faculdade, com debate sobre a ascens\u00e3o das escolas privadas e a decad\u00eancia das p\u00fablicas. De tarde, a discuss\u00e3o \u00e9 sobre movimentos sociais e populares. No \u00faltimo dia, 29\/03, o encontro \u00e9 das 9h \u00e0s 12h, no audit\u00f3rio I da Faced, para uma conversa sobre as manifesta\u00e7\u00f5es de rua, mobilidade urbana, educa\u00e7\u00e3o de qualidade, democratiza\u00e7\u00e3o das m\u00eddias, entre outros temas.<\/p>\n","protected":false},"excerpt":{"rendered":"<p>Termina nesta s\u00e1bado (29\/03), anivers\u00e1rio de Salvador, a Semana de debates sobre o Brasil nos \u00faltimos 50 anos, realizada pela Faculdade de Educa\u00e7\u00e3o da UFBA (Faced). O objetivo do evento \u00e9 fazer um balan\u00e7o sobre a realidade do pa\u00eds ap\u00f3s o Golpe Militar, ocorrido h\u00e1 cinco d\u00e9cadas, analisando as quest\u00f5es sociais, culturais, pol\u00edticas e econ\u00f4micas [&hellip;]<\/p>\n","protected":false},"author":1,"featured_media":0,"comment_status":"closed","ping_status":"closed","sticky":false,"template":"","format":"standard","meta":{"footnotes":""},"categories":[140,144,146],"tags":[],"class_list":["post-12280","post","type-post","status-publish","format-standard","hentry","category-faced-2","category-ufba-latest-news","category-latest-news"],"_links":{"self":[{"href":"https:\/\/apub.org.br\/siteantigo\/wp-json\/wp\/v2\/posts\/12280","targetHints":{"allow":["GET"]}}],"collection":[{"href":"https:\/\/apub.org.br\/siteantigo\/wp-json\/wp\/v2\/posts"}],"about":[{"href":"https:\/\/apub.org.br\/siteantigo\/wp-json\/wp\/v2\/types\/post"}],"author":[{"embeddable":true,"href":"https:\/\/apub.org.br\/siteantigo\/wp-json\/wp\/v2\/users\/1"}],"replies":[{"embeddable":true,"href":"https:\/\/apub.org.br\/siteantigo\/wp-json\/wp\/v2\/comments?post=12280"}],"version-history":[{"count":0,"href":"https:\/\/apub.org.br\/siteantigo\/wp-json\/wp\/v2\/posts\/12280\/revisions"}],"wp:attachment":[{"href":"https:\/\/apub.org.br\/siteantigo\/wp-json\/wp\/v2\/media?parent=12280"}],"wp:term":[{"taxonomy":"category","embeddable":true,"href":"https:\/\/apub.org.br\/siteantigo\/wp-json\/wp\/v2\/categories?post=12280"},{"taxonomy":"post_tag","embeddable":true,"href":"https:\/\/apub.org.br\/siteantigo\/wp-json\/wp\/v2\/tags?post=12280"}],"curies":[{"name":"wp","href":"https:\/\/api.w.org\/{rel}","templated":true}]}}