{"id":12367,"date":"2014-04-07T16:06:23","date_gmt":"2014-04-07T16:06:23","guid":{"rendered":"http:\/\/apub.org.br\/?p=12367"},"modified":"2014-04-07T16:06:23","modified_gmt":"2014-04-07T16:06:23","slug":"convocacao","status":"publish","type":"post","link":"https:\/\/apub.org.br\/siteantigo\/convocacao\/","title":{"rendered":"CONVOCA\u00c7\u00c3O PARA ASSEMBLEIAS"},"content":{"rendered":"<h2>Assembleia da Apub sexta-feira, na sede do Sindicato<\/h2>\n<p>A diretoria da Apub Sindicato convoca os docentes para as assembleias que ser\u00e3o realizadas nesta sexta-feira (11\/04), na sede da entidade. Ser\u00e3o duas: \u00e0s 13h uma extraordin\u00e1ria e \u00e0s 15h a geral. A primeira tem o objetivo de eleger delegados para a 10\u00aa Plen\u00e1ria Estadual da CUT, que acontece nos dias 5 a 7 de junho, em Salvador. A segunda tratar\u00e1 de temas relativos \u00e0 pauta \u00a0docente: defesa das aposentadorias (campanha pelo fim da contribui\u00e7\u00e3o previdenci\u00e1ria dos inativos, integra\u00e7\u00e3o da Apub ao Instituto Mosap, aposentadorias especiais\/orienta\u00e7\u00f5es normativas); condi\u00e7\u00f5es de trabalho (realiza\u00e7\u00e3o de concursos, movimento pela carga hor\u00e1ria m\u00ednima de 8 horas em sala de aula \u00a0e garantia do adicional de insalubridade); e campanha salarial.<\/p>\n<p><strong>Dia 11\/04<\/strong><\/p>\n<p><strong>13h<\/strong> \u2013 Assembleia extraordin\u00e1ria \u2013 elei\u00e7\u00e3o de delegados \u00e0 Plen\u00e1ria Estadual da CUT<\/p>\n<p><strong>15h <\/strong>\u2013 Assembleia geral \u2013 aposentadorias, condi\u00e7\u00f5es de trabalho e campanha salarial<\/p>\n<p style=\"text-align: center;\"><a href=\"http:\/\/apub.org.br\/wp-content\/uploads\/2014\/04\/ASSEMBLEIA-DIA-11-DE-ABRIL.jpg\"><img fetchpriority=\"high\" decoding=\"async\" class=\"size-large wp-image-12368 aligncenter\" title=\"ASSEMBLEIA DIA 11 DE ABRIL\" src=\"http:\/\/apub.org.br\/wp-content\/uploads\/2014\/04\/ASSEMBLEIA-DIA-11-DE-ABRIL-724x1024.jpg\" alt=\"\" width=\"434\" height=\"614\" \/><\/a><\/p>\n","protected":false},"excerpt":{"rendered":"<p>Assembleia da Apub sexta-feira, na sede do Sindicato A diretoria da Apub Sindicato convoca os docentes para as assembleias que ser\u00e3o realizadas nesta sexta-feira (11\/04), na sede da entidade. Ser\u00e3o duas: \u00e0s 13h uma extraordin\u00e1ria e \u00e0s 15h a geral. A primeira tem o objetivo de eleger delegados para a 10\u00aa Plen\u00e1ria Estadual da CUT, [&hellip;]<\/p>\n","protected":false},"author":1,"featured_media":12368,"comment_status":"closed","ping_status":"closed","sticky":false,"template":"","format":"standard","meta":{"footnotes":""},"categories":[146],"tags":[175,322,335,505,507],"class_list":["post-12367","post","type-post","status-publish","format-standard","has-post-thumbnail","hentry","category-latest-news","tag-apub","tag-governo-federal","tag-ifba","tag-ufba","tag-noticias"],"_links":{"self":[{"href":"https:\/\/apub.org.br\/siteantigo\/wp-json\/wp\/v2\/posts\/12367","targetHints":{"allow":["GET"]}}],"collection":[{"href":"https:\/\/apub.org.br\/siteantigo\/wp-json\/wp\/v2\/posts"}],"about":[{"href":"https:\/\/apub.org.br\/siteantigo\/wp-json\/wp\/v2\/types\/post"}],"author":[{"embeddable":true,"href":"https:\/\/apub.org.br\/siteantigo\/wp-json\/wp\/v2\/users\/1"}],"replies":[{"embeddable":true,"href":"https:\/\/apub.org.br\/siteantigo\/wp-json\/wp\/v2\/comments?post=12367"}],"version-history":[{"count":0,"href":"https:\/\/apub.org.br\/siteantigo\/wp-json\/wp\/v2\/posts\/12367\/revisions"}],"wp:featuredmedia":[{"embeddable":true,"href":"https:\/\/apub.org.br\/siteantigo\/wp-json\/"}],"wp:attachment":[{"href":"https:\/\/apub.org.br\/siteantigo\/wp-json\/wp\/v2\/media?parent=12367"}],"wp:term":[{"taxonomy":"category","embeddable":true,"href":"https:\/\/apub.org.br\/siteantigo\/wp-json\/wp\/v2\/categories?post=12367"},{"taxonomy":"post_tag","embeddable":true,"href":"https:\/\/apub.org.br\/siteantigo\/wp-json\/wp\/v2\/tags?post=12367"}],"curies":[{"name":"wp","href":"https:\/\/api.w.org\/{rel}","templated":true}]}}