{"id":14778,"date":"2015-03-10T17:18:15","date_gmt":"2015-03-10T17:18:15","guid":{"rendered":"http:\/\/apub.org.br\/?p=14778"},"modified":"2015-03-10T17:18:15","modified_gmt":"2015-03-10T17:18:15","slug":"plenaria-nacional-dos-movimentos-populares-aprova-plataforma-politica","status":"publish","type":"post","link":"https:\/\/apub.org.br\/siteantigo\/plenaria-nacional-dos-movimentos-populares-aprova-plataforma-politica\/","title":{"rendered":"Plen\u00e1ria nacional dos movimentos populares aprova plataforma pol\u00edtica"},"content":{"rendered":"<figure id=\"attachment_14781\" aria-describedby=\"caption-attachment-14781\" style=\"width: 300px\" class=\"wp-caption alignnone\"><a rel=\"attachment wp-att-14781\" href=\"http:\/\/apub.org.br\/?attachment_id=14781\"><img fetchpriority=\"high\" decoding=\"async\" class=\"size-medium wp-image-14781\" title=\"Foto Mariana Serafini\" src=\"http:\/\/apub.org.br\/wp-content\/uploads\/2015\/03\/Foto-Mariana-Serafini-300x211.jpg\" alt=\"\" width=\"300\" height=\"211\" \/><\/a><figcaption id=\"caption-attachment-14781\" class=\"wp-caption-text\">Mariana Serafini\/www.vermelho.org.br<\/figcaption><\/figure>\n<p>No dia 07 de mar\u00e7o, em S\u00e3o Paulo, diversas de entidades e organiza\u00e7\u00f5es nacionais se reuniram para aprovar uma plataforma e estrat\u00e9gias de luta. O encontro\u00a0teve a participa\u00e7\u00e3o da Apub na figura da presidente Claudia Miranda, da diretora Luciene Fernandez, al\u00e9m de representantes do comit\u00ea da UFBA.<\/p>\n<p>Foi aprovada a seguinte plataforma:<\/p>\n<p><strong>1. Contra o ajuste fiscal promovidos pelo governo federal e pelos governos estaduais e municipais<\/strong><\/p>\n<p>&#8211; Auditoria da d\u00edvida<br \/>\n&#8211; Defesa da PL 289<br \/>\n-N\u00e3o \u00e0 privatiza\u00e7\u00e3o dos servi\u00e7os essenciais (\u00e1gua, luz, transporte, telecomunica\u00e7\u00f5es, sa\u00fade)<br \/>\n&#8211; Contra as MPs 664 e 665<br \/>\n&#8211; N\u00e3o aos tarifa\u00e7os nas contas de \u00e1gua e luz<br \/>\n&#8211; Em defesa dos empregos e dos sal\u00e1rios<\/p>\n<p><strong>2. Enfrentar a ofensiva da direita e suas pautas na sociedade, no Congresso, no Judici\u00e1rio e nos governos<\/strong><\/p>\n<p>&#8211; Em defesa da Petrobr\u00e1s, contra a privatiza\u00e7\u00e3o e a revers\u00e3o do modelo de partilha defendidos pela oposi\u00e7\u00e3o de direita. Pela apura\u00e7\u00e3o e puni\u00e7\u00e3o de todos os casos de corrup\u00e7\u00e3o<br \/>\n&#8211; N\u00e3o ao PL 4330\/04, n\u00e3o \u00e0s terceiriza\u00e7\u00f5es<br \/>\n&#8211; Contra a abertura de capital da Caixa<br \/>\n&#8211; Contra a abertura de capital estrangeiro para a sa\u00fade<br \/>\n&#8211; N\u00e3o \u00e0 libera\u00e7\u00e3o dos transg\u00eanicos<br \/>\n&#8211; Em defesa do Estado laico e contra toda forma de opress\u00e3o, contra a repress\u00e3o \u00e0s lutas sociais e o genoc\u00eddio da juventude pobre e negra nas periferias e pela desmilitariza\u00e7\u00e3o das pol\u00edcias<br \/>\n&#8211; Demarca\u00e7\u00e3o das terras ind\u00edgenas e quilombolas<\/p>\n<p><strong>3. Em defesa de reformas populares<\/strong><\/p>\n<p>&#8211; Reforma pol\u00edtica agregando as iniciativas de Coaliza\u00e7\u00e3o pela Reforma Pol\u00edtica Democr\u00e1tica, Elei\u00e7\u00f5es Limpas, o Devolve Gilmar, a rejei\u00e7\u00e3o \u00e0 PEC 352\/13 e a Campanha pela Constituinte Exclusiva e Soberana do Sistema Pol\u00edtico.<br \/>\n&#8211; Reforma Tribut\u00e1ria com taxa\u00e7\u00e3o das grandes fortunas<br \/>\n&#8211; Reforma Urbana<br \/>\n&#8211; Reforma Agr\u00e1ria<br \/>\n&#8211; Democratiza\u00e7\u00e3o dos meios de comunica\u00e7\u00e3o<br \/>\n&#8211; Reforma da educa\u00e7\u00e3o<\/p>\n<p>Como a\u00e7\u00f5es imediatas, a Plen\u00e1ria aprovou a realiza\u00e7\u00e3o de marchas por todo o Brasil na pr\u00f3xima sexta-feira, 13 de mar\u00e7o, em defesa da Petrobr\u00e1s, dos direitos dos trabalhadores e da reforma pol\u00edtica. Tamb\u00e9m foi aprovado um ato, em abril, contra a PEC 352\/13, conhecida como a &#8220;PEC dos corruptos&#8221;, que regulamenta o financiamento de empresas privadas a campanhas eleitorais. Nesta data, completar\u00e1 um ano que o Ministro do STF Gilmar Mendes pediu vistas ao processo de julgamento da A\u00e7\u00e3o Direta de Inconstitucionalidade 4650, cujo teor visa justamente a proibi\u00e7\u00e3o do financiamento empresarial das campanhas. O movimento, intitulado \u201c<a href=\"http:\/\/apub.org.br\/?p=14742\">Devolve Gilmar<\/a>\u201d, portanto, servir\u00e1 tamb\u00e9m para pedir a volta da ADI 4650 \u00e0 pauta do Supremo.<\/p>\n<p><strong>Campanha para o Plebiscito Constituinte participar\u00e1 das marchas de 13 de ma\u00e7o<\/strong><\/p>\n<p>Na Plen\u00e1ria realizada no dia 06\/03, membros da Campanha pela Constituinte de 18 estados decidiram participar das marchas do pr\u00f3ximo dia 13. Eles ir\u00e3o defender sua pauta de realiza\u00e7\u00e3o de uma Constituinte exclusiva para o sistema pol\u00edtico. <a href=\"http:\/\/www.cut.org.br\/noticias\/campanha-pelo-plebiscito-participara-em-massa-no-dia-13-deb5\/\">Leia mais<\/a>.<\/p>\n","protected":false},"excerpt":{"rendered":"<p>No dia 07 de mar\u00e7o, em S\u00e3o Paulo, diversas de entidades e organiza\u00e7\u00f5es nacionais se reuniram para aprovar uma plataforma e estrat\u00e9gias de luta. O encontro\u00a0teve a participa\u00e7\u00e3o da Apub na figura da presidente Claudia Miranda, da diretora Luciene Fernandez, al\u00e9m de representantes do comit\u00ea da UFBA. Foi aprovada a seguinte plataforma: 1. Contra o [&hellip;]<\/p>\n","protected":false},"author":1,"featured_media":14781,"comment_status":"closed","ping_status":"closed","sticky":false,"template":"","format":"standard","meta":{"footnotes":""},"categories":[146],"tags":[303],"class_list":["post-14778","post","type-post","status-publish","format-standard","has-post-thumbnail","hentry","category-latest-news","tag-faced"],"_links":{"self":[{"href":"https:\/\/apub.org.br\/siteantigo\/wp-json\/wp\/v2\/posts\/14778","targetHints":{"allow":["GET"]}}],"collection":[{"href":"https:\/\/apub.org.br\/siteantigo\/wp-json\/wp\/v2\/posts"}],"about":[{"href":"https:\/\/apub.org.br\/siteantigo\/wp-json\/wp\/v2\/types\/post"}],"author":[{"embeddable":true,"href":"https:\/\/apub.org.br\/siteantigo\/wp-json\/wp\/v2\/users\/1"}],"replies":[{"embeddable":true,"href":"https:\/\/apub.org.br\/siteantigo\/wp-json\/wp\/v2\/comments?post=14778"}],"version-history":[{"count":0,"href":"https:\/\/apub.org.br\/siteantigo\/wp-json\/wp\/v2\/posts\/14778\/revisions"}],"wp:featuredmedia":[{"embeddable":true,"href":"https:\/\/apub.org.br\/siteantigo\/wp-json\/"}],"wp:attachment":[{"href":"https:\/\/apub.org.br\/siteantigo\/wp-json\/wp\/v2\/media?parent=14778"}],"wp:term":[{"taxonomy":"category","embeddable":true,"href":"https:\/\/apub.org.br\/siteantigo\/wp-json\/wp\/v2\/categories?post=14778"},{"taxonomy":"post_tag","embeddable":true,"href":"https:\/\/apub.org.br\/siteantigo\/wp-json\/wp\/v2\/tags?post=14778"}],"curies":[{"name":"wp","href":"https:\/\/api.w.org\/{rel}","templated":true}]}}