{"id":14790,"date":"2015-03-11T17:30:50","date_gmt":"2015-03-11T17:30:50","guid":{"rendered":"http:\/\/apub.org.br\/?p=14790"},"modified":"2015-03-11T17:30:50","modified_gmt":"2015-03-11T17:30:50","slug":"aposentados-realizam-hoje-ato-no-congresso-nacional","status":"publish","type":"post","link":"https:\/\/apub.org.br\/siteantigo\/aposentados-realizam-hoje-ato-no-congresso-nacional\/","title":{"rendered":"Aposentados realizam hoje ato no Congresso Nacional"},"content":{"rendered":"<p>Durante todo o dia de hoje (11), representantes de entidades de aposentados dos setores p\u00fablico e privado participam de um ato na sede do Congresso Nacional em Bras\u00edlia. Eles se posicionam contra as Medidas Provis\u00f3rias 664 e 665, que mudam as regras para concess\u00e3o dos benef\u00edcios de pens\u00e3o por morte e seguro desemprego. Tamb\u00e9m pedem a aprova\u00e7\u00e3o da PEC 555\/2006 (fim da contribui\u00e7\u00e3o previdenci\u00e1ria de servidores p\u00fablicos aposentados), PL 4434\/2008 (reajuste de benef\u00edcios do INSS) e PEC 56\/2014 (provento integral ao servidor p\u00fablico aposentado por invalidez).<\/p>\n<p>Veja <a href=\"http:\/\/www.mosap.org.br\/index.php\/noticias\/71-programacao-do-ato-publico-11-de-marco-de-2015\">aqui<\/a> a programa\u00e7\u00e3o completa do ato<\/p>\n","protected":false},"excerpt":{"rendered":"<p>Durante todo o dia de hoje (11), representantes de entidades de aposentados dos setores p\u00fablico e privado participam de um ato na sede do Congresso Nacional em Bras\u00edlia. Eles se posicionam contra as Medidas Provis\u00f3rias 664 e 665, que mudam as regras para concess\u00e3o dos benef\u00edcios de pens\u00e3o por morte e seguro desemprego. Tamb\u00e9m pedem [&hellip;]<\/p>\n","protected":false},"author":1,"featured_media":0,"comment_status":"closed","ping_status":"closed","sticky":false,"template":"","format":"standard","meta":{"footnotes":""},"categories":[146],"tags":[303],"class_list":["post-14790","post","type-post","status-publish","format-standard","hentry","category-latest-news","tag-faced"],"_links":{"self":[{"href":"https:\/\/apub.org.br\/siteantigo\/wp-json\/wp\/v2\/posts\/14790","targetHints":{"allow":["GET"]}}],"collection":[{"href":"https:\/\/apub.org.br\/siteantigo\/wp-json\/wp\/v2\/posts"}],"about":[{"href":"https:\/\/apub.org.br\/siteantigo\/wp-json\/wp\/v2\/types\/post"}],"author":[{"embeddable":true,"href":"https:\/\/apub.org.br\/siteantigo\/wp-json\/wp\/v2\/users\/1"}],"replies":[{"embeddable":true,"href":"https:\/\/apub.org.br\/siteantigo\/wp-json\/wp\/v2\/comments?post=14790"}],"version-history":[{"count":0,"href":"https:\/\/apub.org.br\/siteantigo\/wp-json\/wp\/v2\/posts\/14790\/revisions"}],"wp:attachment":[{"href":"https:\/\/apub.org.br\/siteantigo\/wp-json\/wp\/v2\/media?parent=14790"}],"wp:term":[{"taxonomy":"category","embeddable":true,"href":"https:\/\/apub.org.br\/siteantigo\/wp-json\/wp\/v2\/categories?post=14790"},{"taxonomy":"post_tag","embeddable":true,"href":"https:\/\/apub.org.br\/siteantigo\/wp-json\/wp\/v2\/tags?post=14790"}],"curies":[{"name":"wp","href":"https:\/\/api.w.org\/{rel}","templated":true}]}}