{"id":14794,"date":"2015-03-12T15:46:31","date_gmt":"2015-03-12T15:46:31","guid":{"rendered":"http:\/\/apub.org.br\/?p=14794"},"modified":"2015-03-12T15:46:31","modified_gmt":"2015-03-12T15:46:31","slug":"marco-lilas-veja-a-programacao-completa","status":"publish","type":"post","link":"https:\/\/apub.org.br\/siteantigo\/marco-lilas-veja-a-programacao-completa\/","title":{"rendered":"Mar\u00e7o lil\u00e1s: veja a programa\u00e7\u00e3o completa"},"content":{"rendered":"<p>Durante o m\u00eas de mar\u00e7o, acontece uma s\u00e9rie de atividades em comemora\u00e7\u00e3o ao m\u00eas da mulher, intitulada \u201cMar\u00e7o Lil\u00e1s UFBA \u2013 Mulheres: mais\u00a0 poder, mais direitos, menos viol\u00eancia\u201d.\u00a0 A programa\u00e7\u00e3o, coordenada pela Pr\u00f3-Reitoria de A\u00e7\u00f5es Afirmativas e Assist\u00eancia Estudantil (PROAE), \u00e9 realizada em v\u00e1rios ambientes da universidade com o objetivo de envolver a maior quantidade poss\u00edvel de mulheres da comunidade universit\u00e1ria nos debates.<\/p>\n<p><strong>Programa\u00e7\u00e3o<\/strong><\/p>\n<p><strong>16\/03<\/strong> \u2013 18 \u00e0s 20h:\u00a0 Mesa de Discuss\u00e3o<\/p>\n<p>Tema: \u201cDi\u00e1logos sobre a luta das mulheres pelo direito \u00e0 sa\u00fade\u201d<\/p>\n<p>Local: Audit\u00f3rio do Pavilh\u00e3o de aulas Glauber Rocha (antigo PAF IAF III), em Ondina<\/p>\n<p><strong>17\/03<\/strong> \u2013 Grupos de Discuss\u00e3o e Oficinas &#8211; Local: Pra\u00e7a das Artes<\/p>\n<p>9h- O papel das mulheres nos esportes<\/p>\n<p>10h \u2013 Batucada<\/p>\n<p>15h \u2013 Descobrindo o prazer: viv\u00eancias l\u00e9sbicas e sexualidade<\/p>\n<p>Invisibilidade trans na universidade<\/p>\n<p>18h \u2013 Dan\u00e7as feministas<\/p>\n<p>19h \u2013 Defesa\u00a0 pessoal<\/p>\n<p><strong>18\/03<\/strong> \u2013 13h30 &#8211; Mesa de Discuss\u00e3o<\/p>\n<p>Tema: Mulheres no poder: a quest\u00e3o da reforma pol\u00edtica e a luta pela Constituinte<\/p>\n<p>Local: Audit\u00f3rio do Pavilh\u00e3o de Aulas Raul Seixas \u2013 FFCH, campus de S\u00e3o L\u00e1zaro<\/p>\n<p><strong>19\/03<\/strong> \u2013 8 \u00e0s 12h \u2013 Escuta p\u00fablica sobre viol\u00eancia contra as mulheres na UFBA.<\/p>\n<p>Local: Sal\u00e3o Nobre da Reitoria da UFBA<\/p>\n<p><em>Fonte: UFBA<\/em><\/p>\n","protected":false},"excerpt":{"rendered":"<p>Durante o m\u00eas de mar\u00e7o, acontece uma s\u00e9rie de atividades em comemora\u00e7\u00e3o ao m\u00eas da mulher, intitulada \u201cMar\u00e7o Lil\u00e1s UFBA \u2013 Mulheres: mais\u00a0 poder, mais direitos, menos viol\u00eancia\u201d.\u00a0 A programa\u00e7\u00e3o, coordenada pela Pr\u00f3-Reitoria de A\u00e7\u00f5es Afirmativas e Assist\u00eancia Estudantil (PROAE), \u00e9 realizada em v\u00e1rios ambientes da universidade com o objetivo de envolver a maior quantidade [&hellip;]<\/p>\n","protected":false},"author":1,"featured_media":14795,"comment_status":"closed","ping_status":"closed","sticky":false,"template":"","format":"standard","meta":{"footnotes":""},"categories":[146],"tags":[303],"class_list":["post-14794","post","type-post","status-publish","format-standard","has-post-thumbnail","hentry","category-latest-news","tag-faced"],"_links":{"self":[{"href":"https:\/\/apub.org.br\/siteantigo\/wp-json\/wp\/v2\/posts\/14794","targetHints":{"allow":["GET"]}}],"collection":[{"href":"https:\/\/apub.org.br\/siteantigo\/wp-json\/wp\/v2\/posts"}],"about":[{"href":"https:\/\/apub.org.br\/siteantigo\/wp-json\/wp\/v2\/types\/post"}],"author":[{"embeddable":true,"href":"https:\/\/apub.org.br\/siteantigo\/wp-json\/wp\/v2\/users\/1"}],"replies":[{"embeddable":true,"href":"https:\/\/apub.org.br\/siteantigo\/wp-json\/wp\/v2\/comments?post=14794"}],"version-history":[{"count":0,"href":"https:\/\/apub.org.br\/siteantigo\/wp-json\/wp\/v2\/posts\/14794\/revisions"}],"wp:featuredmedia":[{"embeddable":true,"href":"https:\/\/apub.org.br\/siteantigo\/wp-json\/"}],"wp:attachment":[{"href":"https:\/\/apub.org.br\/siteantigo\/wp-json\/wp\/v2\/media?parent=14794"}],"wp:term":[{"taxonomy":"category","embeddable":true,"href":"https:\/\/apub.org.br\/siteantigo\/wp-json\/wp\/v2\/categories?post=14794"},{"taxonomy":"post_tag","embeddable":true,"href":"https:\/\/apub.org.br\/siteantigo\/wp-json\/wp\/v2\/tags?post=14794"}],"curies":[{"name":"wp","href":"https:\/\/api.w.org\/{rel}","templated":true}]}}