{"id":14811,"date":"2015-03-13T16:19:04","date_gmt":"2015-03-13T16:19:04","guid":{"rendered":"http:\/\/apub.org.br\/?p=14811"},"modified":"2015-03-13T16:19:04","modified_gmt":"2015-03-13T16:19:04","slug":"professores-debatem-campanha-salarial-e-carreira","status":"publish","type":"post","link":"https:\/\/apub.org.br\/siteantigo\/professores-debatem-campanha-salarial-e-carreira\/","title":{"rendered":"Professores debatem campanha salarial e carreira"},"content":{"rendered":"<p><a rel=\"attachment wp-att-14824\" href=\"http:\/\/apub.org.br\/?attachment_id=14824\"><img decoding=\"async\" class=\"size-medium wp-image-14824 alignleft\" title=\"DSC_0022\" src=\"http:\/\/apub.org.br\/wp-content\/uploads\/2015\/03\/DSC_0022-300x196.jpg\" alt=\"\" width=\"219\" height=\"142\" \/><\/a>A Apub promoveu na quarta-feira (11) um debate sobre campanha salarial 2015 e carreira docente. O evento aconteceu na UFBA e reuniu representantes de v\u00e1rias entidades. Compuseram a mesa os professores Fl\u00e1vio da Silva (ADUFG), Davi Rom\u00e3o (Apur) e Edson Cardoni (Condsef). O professor Cl\u00e1udio Lira, diretor acad\u00eamico da Apub coordenou os trabalhos.<\/p>\n<p>Durante sua fala, Edson Cardoni fez quest\u00e3o de ressaltar o contexto dif\u00edcil no qual a campanha deste ano acontecer\u00e1, devido \u00e0 atual crise pol\u00edtica do pa\u00eds. \u201cCom o presidente do senado e o presidente da c\u00e2mara citados na opera\u00e7\u00e3o Lava Jato (&#8230;) isso mostra que a crise das institui\u00e7\u00f5es \u00e9 tamanha\u201d, afirmou. Segundo ele, diante desse quadro, a posi\u00e7\u00e3o das organiza\u00e7\u00f5es dos trabalhadores deve ser de independ\u00eancia. Cardoni tamb\u00e9m ressaltou a import\u00e2ncia da<a href=\"http:\/\/apub.org.br\/?p=14671\" target=\"_blank\"> pauta unificada<\/a> aprovada pelos SPFs garantindo que as pautas espec\u00edficas de cada categoria ganhar\u00e3o for\u00e7a quando apresentadas em conjunto com as reivindica\u00e7\u00f5es gerais. Por fim, afirmou que a campanha salarial dos servidores \u00e9 importante para toda a sociedade: \u201cdefender o servi\u00e7o p\u00fablico \u00e9 defender a soberania nacional\u201d, disse.<\/p>\n<p><a rel=\"attachment wp-att-14825\" href=\"http:\/\/apub.org.br\/?attachment_id=14825\"><img decoding=\"async\" class=\"alignleft size-medium wp-image-14825\" title=\"DSC_0057\" src=\"http:\/\/apub.org.br\/wp-content\/uploads\/2015\/03\/DSC_0057-300x195.jpg\" alt=\"\" width=\"219\" height=\"142\" \/><\/a>Fl\u00e1vio da Silva fez um breve hist\u00f3rico das negocia\u00e7\u00f5es passadas e apresentou a proposta do Proifes para a campanha. Segundo ele, entre 2012 e 2015 houve um aumento real no sal\u00e1rio dos professores, mas ainda existem distor\u00e7\u00f5es e perdas inflacion\u00e1rias a serem corrigidas. A proposta gira em torno de tr\u00eas objetivos b\u00e1sicos al\u00e9m de garantir um reajuste acima da infla\u00e7\u00e3o: organizar a malha salarial, valorizar o vencimento b\u00e1sico (que seria vantajoso para os aposentados) e a dedica\u00e7\u00e3o exclusiva. (Veja <a href=\"http:\/\/www.proifes.org.br\/noticia\/1153\/campanha-salarial-2015:-uma-chamada-a-mobilizacao\" target=\"_blank\">aqui<\/a> mais detalhes da proposta)<\/p>\n<p><img decoding=\"async\" class=\"alignright size-medium wp-image-14826\" title=\"DSC_0068\" src=\"http:\/\/apub.org.br\/wp-content\/uploads\/2015\/03\/DSC_0068-300x197.jpg\" alt=\"\" width=\"219\" height=\"143\" \/><\/p>\n<p>Ele tamb\u00e9m pediu mobiliza\u00e7\u00e3o e uni\u00e3o entre os servidores, no que foi secundado por Davi Rom\u00e3o. \u201cO cen\u00e1rio \u00e9 dif\u00edcil\u201d, disse Rom\u00e3o e comentou os recentes cortes nos repasses do governo para as institui\u00e7\u00f5es federais. Em seguida, comparou as propostas do Proifes e Andes para a Campanha, destacando seus pontos convergentes e divergentes. As principais diferen\u00e7as se encontram nos percentuais do piso salarial e do regime de DE. Por fim, Rom\u00e3o destacou que a greve de 2012 teve problemas do ponto de vista da unidade. \u201cA campanha unificada \u00e9 fundamental para a gente potencializar a nossa campanha espec\u00edfica\u201d, concluiu.<\/p>\n<p>Veja aqui as apresenta\u00e7\u00f5es completas dos palestrantes:<\/p>\n<p><a href=\"https:\/\/www.youtube.com\/watch?v=4bvM2kSFAFE\" target=\"_blank\">Edson Cardoni<\/a><\/p>\n<p><a href=\"https:\/\/www.youtube.com\/watch?v=fdwZo770d08&amp;authuser=0\" target=\"_blank\">Fl\u00e1vio da Silva<\/a><\/p>\n<p><a href=\"https:\/\/www.youtube.com\/watch?v=oSR8PC6A-fM\" target=\"_blank\">Davi Rom\u00e3o<\/a><\/p>\n","protected":false},"excerpt":{"rendered":"<p>A Apub promoveu na quarta-feira (11) um debate sobre campanha salarial 2015 e carreira docente. O evento aconteceu na UFBA e reuniu representantes de v\u00e1rias entidades. Compuseram a mesa os professores Fl\u00e1vio da Silva (ADUFG), Davi Rom\u00e3o (Apur) e Edson Cardoni (Condsef). O professor Cl\u00e1udio Lira, diretor acad\u00eamico da Apub coordenou os trabalhos. Durante sua [&hellip;]<\/p>\n","protected":false},"author":1,"featured_media":14823,"comment_status":"closed","ping_status":"closed","sticky":false,"template":"","format":"standard","meta":{"footnotes":""},"categories":[137,146],"tags":[303],"class_list":["post-14811","post","type-post","status-publish","format-standard","has-post-thumbnail","hentry","category-carreira-2","category-latest-news","tag-faced"],"_links":{"self":[{"href":"https:\/\/apub.org.br\/siteantigo\/wp-json\/wp\/v2\/posts\/14811","targetHints":{"allow":["GET"]}}],"collection":[{"href":"https:\/\/apub.org.br\/siteantigo\/wp-json\/wp\/v2\/posts"}],"about":[{"href":"https:\/\/apub.org.br\/siteantigo\/wp-json\/wp\/v2\/types\/post"}],"author":[{"embeddable":true,"href":"https:\/\/apub.org.br\/siteantigo\/wp-json\/wp\/v2\/users\/1"}],"replies":[{"embeddable":true,"href":"https:\/\/apub.org.br\/siteantigo\/wp-json\/wp\/v2\/comments?post=14811"}],"version-history":[{"count":0,"href":"https:\/\/apub.org.br\/siteantigo\/wp-json\/wp\/v2\/posts\/14811\/revisions"}],"wp:featuredmedia":[{"embeddable":true,"href":"https:\/\/apub.org.br\/siteantigo\/wp-json\/"}],"wp:attachment":[{"href":"https:\/\/apub.org.br\/siteantigo\/wp-json\/wp\/v2\/media?parent=14811"}],"wp:term":[{"taxonomy":"category","embeddable":true,"href":"https:\/\/apub.org.br\/siteantigo\/wp-json\/wp\/v2\/categories?post=14811"},{"taxonomy":"post_tag","embeddable":true,"href":"https:\/\/apub.org.br\/siteantigo\/wp-json\/wp\/v2\/tags?post=14811"}],"curies":[{"name":"wp","href":"https:\/\/api.w.org\/{rel}","templated":true}]}}