{"id":14837,"date":"2015-03-13T20:35:24","date_gmt":"2015-03-13T20:35:24","guid":{"rendered":"http:\/\/apub.org.br\/?p=14837"},"modified":"2015-03-13T20:35:24","modified_gmt":"2015-03-13T20:35:24","slug":"sexta-feira-de-lutas-marchas-acontecem-em-todo-o-brasil","status":"publish","type":"post","link":"https:\/\/apub.org.br\/siteantigo\/sexta-feira-de-lutas-marchas-acontecem-em-todo-o-brasil\/","title":{"rendered":"Sexta-feira de lutas: marchas acontecem em todo o Brasil"},"content":{"rendered":"<p><a rel=\"attachment wp-att-14840\" href=\"http:\/\/apub.org.br\/?attachment_id=14840\"><img fetchpriority=\"high\" decoding=\"async\" class=\"alignleft size-medium wp-image-14840\" title=\"20150313_083604\" src=\"http:\/\/apub.org.br\/wp-content\/uploads\/2015\/03\/20150313_083604-300x225.jpg\" alt=\"\" width=\"270\" height=\"203\" \/><\/a><\/p>\n<div>Hoje (13) ocorreram marchas em 26 estados do Brasil em defesa  dos Direitos, da Petrobr\u00e1s, da Democracia e da Reforma Pol\u00edtica. Convocada por  diversas entidades e movimentos sociais as, marchas foram aprovadas na <a href=\"http:\/\/apub.org.br\/?p=14778\">Plen\u00e1ria dos movimentos populares<\/a> na  semana passada, em S\u00e3o Paulo. Em Salvador, a concentra\u00e7\u00e3o come\u00e7ou \u00e0s 7h em  frente ao pr\u00e9dio da Petrobr\u00e1s, no Itaigara. A Apub, juntamente com outros  sindicatos, inclusive o dos Servidores P\u00fablicos Federais, participou do ato.  Seus objetivos foram:<\/div>\n<div>1. Derrubada das medidas provis\u00f3rias n\u00ba 664 e 665 que  prejudicam os trabalhadores inclusive os professores jovens<\/div>\n<div>2. Conclamar a sociedade para luta pela reforma pol\u00edtica e  demais reformas estruturantes<\/div>\n<div>3. A defesa da democracia \u2013 mesmo os que n\u00e3o votaram em Dilma  respeitam o mandato obtido na urna.<\/div>\n<div>4. Reafirmar a Petrobr\u00e1s como patrim\u00f4nio do povo  Brasileiro<\/div>\n<p>\u00c0 tarde, essas pautas foram retomadas na Marcha  das mulheres pela Constituinte, no Campo Grande.<\/p>\n<p><a rel=\"attachment wp-att-14856\" href=\"http:\/\/apub.org.br\/?attachment_id=14856\"><img decoding=\"async\" class=\"alignnone size-medium wp-image-14856\" title=\"IMG-20150313-WA0001\" src=\"http:\/\/apub.org.br\/wp-content\/uploads\/2015\/03\/IMG-20150313-WA0001-300x225.jpg\" alt=\"\" width=\"300\" height=\"225\" \/><\/a><\/p>\n<p><a rel=\"attachment wp-att-14857\" href=\"http:\/\/apub.org.br\/?attachment_id=14857\"><img decoding=\"async\" class=\"alignnone size-medium wp-image-14857\" title=\"IMG-20150313-WA0005\" src=\"http:\/\/apub.org.br\/wp-content\/uploads\/2015\/03\/IMG-20150313-WA0005-300x225.jpg\" alt=\"\" width=\"300\" height=\"225\" \/><\/a><\/p>\n<p><a rel=\"attachment wp-att-14858\" href=\"http:\/\/apub.org.br\/?attachment_id=14858\"><img loading=\"lazy\" decoding=\"async\" class=\"alignnone size-medium wp-image-14858\" title=\"IMG-20150313-WA0003\" src=\"http:\/\/apub.org.br\/wp-content\/uploads\/2015\/03\/IMG-20150313-WA0003-300x225.jpg\" alt=\"\" width=\"300\" height=\"225\" \/><\/a><\/p>\n<p><a rel=\"attachment wp-att-14861\" href=\"http:\/\/apub.org.br\/?attachment_id=14861\"><img loading=\"lazy\" decoding=\"async\" class=\"alignnone size-medium wp-image-14861\" title=\"IMG-20150313-WA0010\" src=\"http:\/\/apub.org.br\/wp-content\/uploads\/2015\/03\/IMG-20150313-WA0010-225x300.jpg\" alt=\"\" width=\"225\" height=\"300\" \/><\/a><\/p>\n<p><a rel=\"attachment wp-att-14865\" href=\"http:\/\/apub.org.br\/?attachment_id=14865\"><img loading=\"lazy\" decoding=\"async\" class=\"alignnone size-medium wp-image-14865\" title=\"unnamed\" src=\"http:\/\/apub.org.br\/wp-content\/uploads\/2015\/03\/unnamed1-300x225.jpg\" alt=\"\" width=\"300\" height=\"225\" \/><\/a><\/p>\n<p><a rel=\"attachment wp-att-14866\" href=\"http:\/\/apub.org.br\/?attachment_id=14866\"><img loading=\"lazy\" decoding=\"async\" class=\"alignnone size-medium wp-image-14866\" title=\"IMG-20150313-WA0017\" src=\"http:\/\/apub.org.br\/wp-content\/uploads\/2015\/03\/IMG-20150313-WA0017-300x224.jpg\" alt=\"\" width=\"300\" height=\"224\" \/><\/a><\/p>\n","protected":false},"excerpt":{"rendered":"<p>Hoje (13) ocorreram marchas em 26 estados do Brasil em defesa dos Direitos, da Petrobr\u00e1s, da Democracia e da Reforma Pol\u00edtica. Convocada por diversas entidades e movimentos sociais as, marchas foram aprovadas na Plen\u00e1ria dos movimentos populares na semana passada, em S\u00e3o Paulo. Em Salvador, a concentra\u00e7\u00e3o come\u00e7ou \u00e0s 7h em frente ao pr\u00e9dio da [&hellip;]<\/p>\n","protected":false},"author":1,"featured_media":14839,"comment_status":"closed","ping_status":"closed","sticky":false,"template":"","format":"standard","meta":{"footnotes":""},"categories":[146],"tags":[303],"class_list":["post-14837","post","type-post","status-publish","format-standard","has-post-thumbnail","hentry","category-latest-news","tag-faced"],"_links":{"self":[{"href":"https:\/\/apub.org.br\/siteantigo\/wp-json\/wp\/v2\/posts\/14837","targetHints":{"allow":["GET"]}}],"collection":[{"href":"https:\/\/apub.org.br\/siteantigo\/wp-json\/wp\/v2\/posts"}],"about":[{"href":"https:\/\/apub.org.br\/siteantigo\/wp-json\/wp\/v2\/types\/post"}],"author":[{"embeddable":true,"href":"https:\/\/apub.org.br\/siteantigo\/wp-json\/wp\/v2\/users\/1"}],"replies":[{"embeddable":true,"href":"https:\/\/apub.org.br\/siteantigo\/wp-json\/wp\/v2\/comments?post=14837"}],"version-history":[{"count":0,"href":"https:\/\/apub.org.br\/siteantigo\/wp-json\/wp\/v2\/posts\/14837\/revisions"}],"wp:featuredmedia":[{"embeddable":true,"href":"https:\/\/apub.org.br\/siteantigo\/wp-json\/"}],"wp:attachment":[{"href":"https:\/\/apub.org.br\/siteantigo\/wp-json\/wp\/v2\/media?parent=14837"}],"wp:term":[{"taxonomy":"category","embeddable":true,"href":"https:\/\/apub.org.br\/siteantigo\/wp-json\/wp\/v2\/categories?post=14837"},{"taxonomy":"post_tag","embeddable":true,"href":"https:\/\/apub.org.br\/siteantigo\/wp-json\/wp\/v2\/tags?post=14837"}],"curies":[{"name":"wp","href":"https:\/\/api.w.org\/{rel}","templated":true}]}}