{"id":14872,"date":"2015-03-16T13:55:25","date_gmt":"2015-03-16T13:55:25","guid":{"rendered":"http:\/\/apub.org.br\/?p=14872"},"modified":"2015-03-16T13:55:25","modified_gmt":"2015-03-16T13:55:25","slug":"nota-de-falecimento-29","status":"publish","type":"post","link":"https:\/\/apub.org.br\/siteantigo\/nota-de-falecimento-29\/","title":{"rendered":"Nota de falecimento"},"content":{"rendered":"<p><a rel=\"attachment wp-att-14874\" href=\"http:\/\/apub.org.br\/?attachment_id=14874\"><img decoding=\"async\" class=\"size-large wp-image-14874 alignright\" title=\"nelson barros\" src=\"http:\/\/apub.org.br\/wp-content\/uploads\/2015\/03\/nelson-barros-1024x680.jpg\" alt=\"\" width=\"221\" height=\"147\" \/><\/a>\u00c9 com pesar que informamos o falecimento do professor aposentado Nelson de Carvalho Assis Barros, acontecido neste s\u00e1bado, 14 de mar\u00e7o. A crema\u00e7\u00e3o aconteceu ontem, 15 de mar\u00e7o no Jardim da Saudade.<\/p>\n<p>O professor Nelson Barros nasceu em Salvador no dia 16 de mar\u00e7o de 1929. Era professor da Faculdade de Medicina da Ufba e da Escola Bahiana de Medicina, al\u00e9m de ter sido respons\u00e1vel pela implanta\u00e7\u00e3o do servi\u00e7o de pediatria do hospital s\u00e3o Rafael. Foi o fundador da Sociedade Baiana de Pediatria.Tinha 85 anos e era filiada \u00e0 Apub desde 1978.<\/p>\n","protected":false},"excerpt":{"rendered":"<p>\u00c9 com pesar que informamos o falecimento do professor aposentado Nelson de Carvalho Assis Barros, acontecido neste s\u00e1bado, 14 de mar\u00e7o. A crema\u00e7\u00e3o aconteceu ontem, 15 de mar\u00e7o no Jardim da Saudade. O professor Nelson Barros nasceu em Salvador no dia 16 de mar\u00e7o de 1929. Era professor da Faculdade de Medicina da Ufba e [&hellip;]<\/p>\n","protected":false},"author":1,"featured_media":14874,"comment_status":"closed","ping_status":"closed","sticky":false,"template":"","format":"standard","meta":{"footnotes":""},"categories":[138,146],"tags":[],"class_list":["post-14872","post","type-post","status-publish","format-standard","has-post-thumbnail","hentry","category-deixaram-saudades","category-latest-news"],"_links":{"self":[{"href":"https:\/\/apub.org.br\/siteantigo\/wp-json\/wp\/v2\/posts\/14872","targetHints":{"allow":["GET"]}}],"collection":[{"href":"https:\/\/apub.org.br\/siteantigo\/wp-json\/wp\/v2\/posts"}],"about":[{"href":"https:\/\/apub.org.br\/siteantigo\/wp-json\/wp\/v2\/types\/post"}],"author":[{"embeddable":true,"href":"https:\/\/apub.org.br\/siteantigo\/wp-json\/wp\/v2\/users\/1"}],"replies":[{"embeddable":true,"href":"https:\/\/apub.org.br\/siteantigo\/wp-json\/wp\/v2\/comments?post=14872"}],"version-history":[{"count":0,"href":"https:\/\/apub.org.br\/siteantigo\/wp-json\/wp\/v2\/posts\/14872\/revisions"}],"wp:featuredmedia":[{"embeddable":true,"href":"https:\/\/apub.org.br\/siteantigo\/wp-json\/"}],"wp:attachment":[{"href":"https:\/\/apub.org.br\/siteantigo\/wp-json\/wp\/v2\/media?parent=14872"}],"wp:term":[{"taxonomy":"category","embeddable":true,"href":"https:\/\/apub.org.br\/siteantigo\/wp-json\/wp\/v2\/categories?post=14872"},{"taxonomy":"post_tag","embeddable":true,"href":"https:\/\/apub.org.br\/siteantigo\/wp-json\/wp\/v2\/tags?post=14872"}],"curies":[{"name":"wp","href":"https:\/\/api.w.org\/{rel}","templated":true}]}}