{"id":14878,"date":"2015-03-16T16:40:16","date_gmt":"2015-03-16T16:40:16","guid":{"rendered":"http:\/\/apub.org.br\/?p=14878"},"modified":"2015-03-16T16:40:16","modified_gmt":"2015-03-16T16:40:16","slug":"viva-a-democraciaato-comemora-30-anos-do-fim-da-ditadura","status":"publish","type":"post","link":"https:\/\/apub.org.br\/siteantigo\/viva-a-democraciaato-comemora-30-anos-do-fim-da-ditadura\/","title":{"rendered":"Viva a democracia: ato comemora 30 anos do fim da ditadura"},"content":{"rendered":"<p>No dia 17 de mar\u00e7o, a partir das 14h30, acontece, no Forte do Barbalho, o ato\u00a0<em>Viva a Democracia<\/em>, que comemora os 30 anos do fim da ditadura militar no Brasil. Organizado pelo Grupo Tortura Nunca Mais (BA) e outras entidades da sociedade civil, o evento conta com o patroc\u00ednio as Secretarias de Educa\u00e7\u00e3o, Cultura, Justi\u00e7a e Direitos Humanos da Bahia, al\u00e9m da OAB-Bahia.<\/p>\n<p>A concentra\u00e7\u00e3o ser\u00e1 no Teatro do ICEIA, de onde os participantes far\u00e3o uma caminhada at\u00e9 o Forte, simb\u00f3lico por ter sido local de tortura dos presos pol\u00edticos durante o per\u00edodo autorit\u00e1rio. Haver\u00e1 tamb\u00e9m palestras e apresenta\u00e7\u00f5es musicais, al\u00e9m do lan\u00e7amento dos livros dos escritores baianos Emiliano Jos\u00e9, Paulo Martins e Rui Patterson, em frente \u00e0s celas nas quais ficaram presos.<\/p>\n<p>Veja a programa\u00e7\u00e3o completa abaixo<\/p>\n<p><a rel=\"attachment wp-att-14880\" href=\"http:\/\/apub.org.br\/?attachment_id=14880\"><img fetchpriority=\"high\" decoding=\"async\" class=\"alignnone size-medium wp-image-14880\" title=\"convite\" src=\"http:\/\/apub.org.br\/wp-content\/uploads\/2015\/03\/convite-210x300.jpg\" alt=\"\" width=\"210\" height=\"300\" \/><\/a><\/p>\n","protected":false},"excerpt":{"rendered":"<p>No dia 17 de mar\u00e7o, a partir das 14h30, acontece, no Forte do Barbalho, o ato\u00a0Viva a Democracia, que comemora os 30 anos do fim da ditadura militar no Brasil. Organizado pelo Grupo Tortura Nunca Mais (BA) e outras entidades da sociedade civil, o evento conta com o patroc\u00ednio as Secretarias de Educa\u00e7\u00e3o, Cultura, Justi\u00e7a [&hellip;]<\/p>\n","protected":false},"author":1,"featured_media":14880,"comment_status":"closed","ping_status":"closed","sticky":false,"template":"","format":"standard","meta":{"footnotes":""},"categories":[146],"tags":[303],"class_list":["post-14878","post","type-post","status-publish","format-standard","has-post-thumbnail","hentry","category-latest-news","tag-faced"],"_links":{"self":[{"href":"https:\/\/apub.org.br\/siteantigo\/wp-json\/wp\/v2\/posts\/14878","targetHints":{"allow":["GET"]}}],"collection":[{"href":"https:\/\/apub.org.br\/siteantigo\/wp-json\/wp\/v2\/posts"}],"about":[{"href":"https:\/\/apub.org.br\/siteantigo\/wp-json\/wp\/v2\/types\/post"}],"author":[{"embeddable":true,"href":"https:\/\/apub.org.br\/siteantigo\/wp-json\/wp\/v2\/users\/1"}],"replies":[{"embeddable":true,"href":"https:\/\/apub.org.br\/siteantigo\/wp-json\/wp\/v2\/comments?post=14878"}],"version-history":[{"count":0,"href":"https:\/\/apub.org.br\/siteantigo\/wp-json\/wp\/v2\/posts\/14878\/revisions"}],"wp:featuredmedia":[{"embeddable":true,"href":"https:\/\/apub.org.br\/siteantigo\/wp-json\/"}],"wp:attachment":[{"href":"https:\/\/apub.org.br\/siteantigo\/wp-json\/wp\/v2\/media?parent=14878"}],"wp:term":[{"taxonomy":"category","embeddable":true,"href":"https:\/\/apub.org.br\/siteantigo\/wp-json\/wp\/v2\/categories?post=14878"},{"taxonomy":"post_tag","embeddable":true,"href":"https:\/\/apub.org.br\/siteantigo\/wp-json\/wp\/v2\/tags?post=14878"}],"curies":[{"name":"wp","href":"https:\/\/api.w.org\/{rel}","templated":true}]}}