{"id":15004,"date":"2015-03-24T14:16:52","date_gmt":"2015-03-24T14:16:52","guid":{"rendered":"http:\/\/apub.org.br\/?p=15004"},"modified":"2015-03-24T14:16:52","modified_gmt":"2015-03-24T14:16:52","slug":"apub-inaugura-nova-sede","status":"publish","type":"post","link":"https:\/\/apub.org.br\/siteantigo\/apub-inaugura-nova-sede\/","title":{"rendered":"Coquetel de inaugura\u00e7\u00e3o lota nova sede da Apub"},"content":{"rendered":"<p>A inaugura\u00e7\u00e3o da nova sede da Apub Sindicato \u2013 agora na\u00a0 rua Aristides Novis, n\u00ba 44 \u2013 foi um momento que uniu celebra\u00e7\u00e3o e a necessidade de reafirmar o papel pol\u00edtico da institui\u00e7\u00e3o. O coquetel aconteceu na sexta-feira (20) e reuniu mais de cem pessoas entre professores, funcion\u00e1rios, diretores de unidades, colaboradores e estudantes, al\u00e9m de membros de diretorias passadas. Tamb\u00e9m compareceram a vereadora V\u00e2nia Galv\u00e3o, a deputada federal Alice Portugal, a deputada estadual Aladilce Souza e a Secret\u00e1ria estadual de Pol\u00edticas para as Mulheres Olivia Santana. O reitora da UFBA foi representado pela chefe de gabinete da reitoria Suani Pinho. Muitos dos presentes destacaram a import\u00e2ncia da nova sede como local de articula\u00e7\u00e3o de lutas, mas tamb\u00e9m de conviv\u00eancia, n\u00e3o s\u00f3 entre os associados, mas de toda comunidade universit\u00e1ria.<\/p>\n<p>De acordo com a presidente da Apub, professora Cl\u00e1udia Miranda, a aquisi\u00e7\u00e3o de uma nova sede era um projeto antigo dos docentes que desejavam um local que pudesse atender melhor os anseios da categoria e oferecer melhores condi\u00e7\u00f5es de trabalho. \u201cN\u00f3s tivemos uma hist\u00f3ria muito linda na sede antiga, mas dentro de um projeto de expans\u00e3o do sindicato, de renova\u00e7\u00e3o e qualifica\u00e7\u00e3o dos seus espa\u00e7os e de participa\u00e7\u00e3o, seja de luta, seja de participa\u00e7\u00e3o social, cultural, a gente precisava de um espa\u00e7o que pudesse atender a todos esses objetivos. Os professores merecem uma sede como esta\u201d.<\/p>\n<p>Tamb\u00e9m esteve no coquetel, a deputada federal Alice Portugal, que relembrou a hist\u00f3ria da entidade e seu papel nas conquistas para a carreira docente e para a pr\u00f3pria universidade. \u201cA Apub tem a sua digital da constru\u00e7\u00e3o da universidade democr\u00e1tica. Hoje o docente universit\u00e1rio do Brasil tem carreira e a Apub teve uma participa\u00e7\u00e3o incr\u00edvel nisso. Espero que os professores possam usufruir constituindo o fortalecimento cada vez maior da sua entidade de classe.\u201d<\/p>\n<p>O professor Leopoldo de Carvalho lembrou que esteve presente na casa antes da reforma e se disse surpreso com a mudan\u00e7a: \u201cQuem viu antes e quem v\u00ea agora fica surpreso e muito feliz\u201d. E completou: \u201cN\u00f3s vamos ter aqui as pr\u00f3ximas gera\u00e7\u00f5es [com] espa\u00e7o e condi\u00e7\u00f5es excelentes para trabalho e at\u00e9 mesmo lazer e cultura\u201d. Quem tamb\u00e9m ressaltou a import\u00e2ncia do espa\u00e7o como lugar de conviv\u00eancia foi a Joana Guimar\u00e3es, vice reitora da UFSBA: \u201ca sede \u00e9 realmente muito boa, adorei\u201d, disse ela. \u201c\u00c9 um ambiente muito agrad\u00e1vel, as pessoas podem vir aqui tomar um caf\u00e9, bater papo. Isso ajudaria muito a trazer os s\u00f3cios para dentro da Apub.\u201d<\/p>\n<p>O diretor acad\u00eamico da Apub, Cl\u00e1udio Lira, afirmou que considera a inaugura\u00e7\u00e3o da sede nova como duplamente importante: \u201cela tem uma import\u00e2ncia que \u00e9 concreta, que diz respeito \u00e0 evolu\u00e7\u00e3o da categoria e a melhores condi\u00e7\u00f5es de trabalho para uma dire\u00e7\u00e3o. Mas ela tem tamb\u00e9m um valor que \u00e9 simb\u00f3lico: no momento de crise que n\u00f3s estamos passando inaugurar uma nova sede implica que a classe continua se organizando, continua se fortalecendo, continua mantendo suas trincheiras de luta.\u201d<\/p>\n<p><strong>Luta e articula\u00e7\u00e3o<\/strong><\/p>\n<p>Um dos objetivos a serem alcan\u00e7ados com a nova sede \u00e9 ser uma refer\u00eancia de local para pautar a luta do movimento docente, integrada com os demais setores da universidade. Essa necessidade de articula\u00e7\u00e3o entre corpo docente, servidores e estudantes tamb\u00e9m foi ressaltada por representantes do DCE e da Assufba que estiveram presentes na inaugura\u00e7\u00e3o. Ingrid Morais, estudante do BI de Ci\u00eancia e Tecnologia da UFBA, disse que \u201cdesde o ano passado a gente tem constru\u00eddo uma rela\u00e7\u00e3o muito boa com a Apub, principalmente em volta da bandeira da constituinte\u201d. Mas, segundo ela, a aproxima\u00e7\u00e3o precisa ir para al\u00e9m dessa bandeira. \u201cUma universidade precisa cumprir seu papel social (&#8230;) e a gente acredita que os professores e professoras que constroem a Apub t\u00eam esse projeto de uma universidade socialmente referenciada. A gente do DCE acredita que podemos pautar um projeto popular de universidade muito melhor quando a gente tem uma uni\u00e3o entre os tr\u00eas setores\u201d. Para Kelly Rangel, servidora t\u00e9cnica administrativa do Neim, o esfor\u00e7o de integrar os tr\u00eas setores da comunidade deve ser feito em torno de pautas que v\u00e3o al\u00e9m das campanhas salariais \u201c2015 \u00e9 um ano muito importante para a educa\u00e7\u00e3o. Precisamos tamb\u00e9m pautar politicamente um projeto de universidade\u201d. E finalizou: \u201ca gente est\u00e1 aqui nessa sede lind\u00edssima festejando essa grande conquista da Apub que \u00e9 tamb\u00e9m de toda a comunidade UFBA\u201d.<\/p>\n\n","protected":false},"excerpt":{"rendered":"<p>A inaugura\u00e7\u00e3o da nova sede da Apub Sindicato \u2013 agora na\u00a0 rua Aristides Novis, n\u00ba 44 \u2013 foi um momento que uniu celebra\u00e7\u00e3o e a necessidade de reafirmar o papel pol\u00edtico da institui\u00e7\u00e3o. O coquetel aconteceu na sexta-feira (20) e reuniu mais de cem pessoas entre professores, funcion\u00e1rios, diretores de unidades, colaboradores e estudantes, al\u00e9m [&hellip;]<\/p>\n","protected":false},"author":1,"featured_media":15036,"comment_status":"closed","ping_status":"closed","sticky":false,"template":"","format":"standard","meta":{"footnotes":""},"categories":[146],"tags":[303],"class_list":["post-15004","post","type-post","status-publish","format-standard","has-post-thumbnail","hentry","category-latest-news","tag-faced"],"_links":{"self":[{"href":"https:\/\/apub.org.br\/siteantigo\/wp-json\/wp\/v2\/posts\/15004","targetHints":{"allow":["GET"]}}],"collection":[{"href":"https:\/\/apub.org.br\/siteantigo\/wp-json\/wp\/v2\/posts"}],"about":[{"href":"https:\/\/apub.org.br\/siteantigo\/wp-json\/wp\/v2\/types\/post"}],"author":[{"embeddable":true,"href":"https:\/\/apub.org.br\/siteantigo\/wp-json\/wp\/v2\/users\/1"}],"replies":[{"embeddable":true,"href":"https:\/\/apub.org.br\/siteantigo\/wp-json\/wp\/v2\/comments?post=15004"}],"version-history":[{"count":0,"href":"https:\/\/apub.org.br\/siteantigo\/wp-json\/wp\/v2\/posts\/15004\/revisions"}],"wp:featuredmedia":[{"embeddable":true,"href":"https:\/\/apub.org.br\/siteantigo\/wp-json\/"}],"wp:attachment":[{"href":"https:\/\/apub.org.br\/siteantigo\/wp-json\/wp\/v2\/media?parent=15004"}],"wp:term":[{"taxonomy":"category","embeddable":true,"href":"https:\/\/apub.org.br\/siteantigo\/wp-json\/wp\/v2\/categories?post=15004"},{"taxonomy":"post_tag","embeddable":true,"href":"https:\/\/apub.org.br\/siteantigo\/wp-json\/wp\/v2\/tags?post=15004"}],"curies":[{"name":"wp","href":"https:\/\/api.w.org\/{rel}","templated":true}]}}