{"id":15053,"date":"2015-03-24T16:11:50","date_gmt":"2015-03-24T16:11:50","guid":{"rendered":"http:\/\/apub.org.br\/?p=15053"},"modified":"2015-03-24T16:11:50","modified_gmt":"2015-03-24T16:11:50","slug":"assembleia-geral-apub-veja-os-encaminhamentos","status":"publish","type":"post","link":"https:\/\/apub.org.br\/siteantigo\/assembleia-geral-apub-veja-os-encaminhamentos\/","title":{"rendered":"Assembleia Geral Apub: veja os encaminhamentos"},"content":{"rendered":"<div id=\"_mcePaste\">\n<div id=\"_mcePaste\">Na quinta-feira passada (19), aconteceu a primeira Assembleia Geral de 2015 da Apub Sindicato. A pauta do encontro era Campanha Salarial e mesa foi composta pela presidente da Apub, Cl\u00e1udia Miranda, a vice presidente L\u00edvia Angeli e o diretor acad\u00eamico Cl\u00e1udio Lira.<\/div>\n<\/div>\n<div>\n<p class=\"MsoNormal\"><strong><span style=\"text-decoration: underline;\"><span style=\"font-size: 11.0pt; line-height: 150%; font-family: &amp;amp;amp; mso-ascii-theme-font: minor-latin; mso-hansi-theme-font: minor-latin; mso-bidi-theme-font: minor-latin;\">Da Assembleia, foram retirados os seguintes encaminhamentos:<\/span><\/span><\/strong><\/p>\n<p class=\"MsoNormal\"><strong><span style=\"font-size: 11.0pt; line-height: 150%; font-family: &amp;amp;amp; mso-ascii-theme-font: minor-latin; mso-hansi-theme-font: minor-latin; mso-bidi-theme-font: minor-latin;\">&#8211; Participa\u00e7\u00e3o na marcha dos SPFs em Bras\u00edlia, aceito por unanimidade.<span style=\"color: red;\"> <\/span><\/span><\/strong><\/p>\n<p class=\"MsoNormal\"><strong><span style=\"font-size: 11.0pt; line-height: 150%; font-family: &amp;amp;amp; mso-ascii-theme-font: minor-latin; mso-hansi-theme-font: minor-latin; mso-bidi-theme-font: minor-latin;\">&#8211; Participa\u00e7\u00e3o na reuni\u00e3o do setor das IFEs da Andes<\/span><\/strong><span style=\"font-size: 11.0pt; line-height: 150%; font-family: &amp;amp;amp; mso-ascii-theme-font: minor-latin; mso-hansi-theme-font: minor-latin; mso-bidi-theme-font: minor-latin;\">: foi votada a quantidade de representantes a ser enviada e quem seria este representante. Na primeira vota\u00e7\u00e3o venceu o envio de <strong>1 (um)<\/strong> representante com 12 votos em oposi\u00e7\u00e3o \u00e0 proposta de enviar duas pessoas (11 votos); Na segunda, o nome aprovado foi o da professora <strong>Luciene Fernandez<\/strong> (12 votos) em oposi\u00e7\u00e3o ao da professora Lana (10 votos), que ficou como suplente.<\/span><\/p>\n<p class=\"MsoNormal\"><strong><span style=\"font-size: 11pt; line-height: 150%; font-family: Calibri, sans-serif;\">Aprovados por unanimidade:<\/span><\/strong><\/p>\n<p class=\"MsoNormal\"><strong><span style=\"font-size: 11.0pt; line-height: 150%; font-family: &amp;amp;amp; mso-ascii-theme-font: minor-latin; mso-hansi-theme-font: minor-latin; mso-bidi-theme-font: minor-latin;\">&#8211; Organiza\u00e7\u00e3o de um ato na Bahia<\/span><\/strong><span style=\"font-size: 11.0pt; line-height: 150%; font-family: &amp;amp;amp; mso-ascii-theme-font: minor-latin; mso-hansi-theme-font: minor-latin; mso-bidi-theme-font: minor-latin;\">: a data sugerida foi 08 de abril, mas outras sugest\u00f5es poder\u00e3o ser encaminhadas por e-mail posteriormente. <\/span><\/p>\n<p class=\"MsoNormal\"><strong><span style=\"font-size: 11.0pt; line-height: 150%; font-family: &amp;amp;amp; mso-ascii-theme-font: minor-latin; mso-hansi-theme-font: minor-latin; mso-bidi-theme-font: minor-latin;\">&#8211; Forma\u00e7\u00e3o de uma comiss\u00e3o de mobiliza\u00e7\u00e3o<\/span><\/strong><span style=\"font-size: 11.0pt; line-height: 150%; font-family: &amp;amp;amp; mso-ascii-theme-font: minor-latin; mso-hansi-theme-font: minor-latin; mso-bidi-theme-font: minor-latin;\">: composta pela diretoria da Apub e das professoras Sandra, Lana e Selma. <\/span><\/p>\n<p class=\"MsoNormal\"><strong><span style=\"font-size: 11.0pt; line-height: 150%; font-family: &amp;amp;amp; mso-ascii-theme-font: minor-latin; mso-hansi-theme-font: minor-latin; mso-bidi-theme-font: minor-latin;\">&#8211; Aprova\u00e7\u00e3o do estado de mobiliza\u00e7\u00e3o<\/span><\/strong><\/p>\n<p class=\"MsoNormal\"><strong><span style=\"font-size: 11.0pt; line-height: 150%; font-family: &amp;amp;amp; mso-ascii-theme-font: minor-latin; mso-hansi-theme-font: minor-latin; mso-bidi-theme-font: minor-latin;\">&#8211; Agendamento da pr\u00f3xima assembleia para o dia 14 de abril<\/span><\/strong><\/p>\n<p class=\"MsoNormal\"><strong><span style=\"font-size: 11.0pt; line-height: 150%; font-family: &amp;amp;amp; mso-ascii-theme-font: minor-latin; mso-hansi-theme-font: minor-latin; mso-bidi-theme-font: minor-latin;\">&#8211; Aprova\u00e7\u00e3o de que a pr\u00f3xima assembleia delibere sobre as comiss\u00f5es do congresso docente (incluindo a\u00ed uma comiss\u00e3o para revis\u00e3o do estatuto da Apub)<\/span><\/strong><\/p>\n<\/div>\n","protected":false},"excerpt":{"rendered":"<p>Na quinta-feira passada (19), aconteceu a primeira Assembleia Geral de 2015 da Apub Sindicato. A pauta do encontro era Campanha Salarial e mesa foi composta pela presidente da Apub, Cl\u00e1udia Miranda, a vice presidente L\u00edvia Angeli e o diretor acad\u00eamico Cl\u00e1udio Lira. Da Assembleia, foram retirados os seguintes encaminhamentos: &#8211; Participa\u00e7\u00e3o na marcha dos SPFs [&hellip;]<\/p>\n","protected":false},"author":1,"featured_media":15056,"comment_status":"closed","ping_status":"closed","sticky":false,"template":"","format":"standard","meta":{"footnotes":""},"categories":[146],"tags":[303],"class_list":["post-15053","post","type-post","status-publish","format-standard","has-post-thumbnail","hentry","category-latest-news","tag-faced"],"_links":{"self":[{"href":"https:\/\/apub.org.br\/siteantigo\/wp-json\/wp\/v2\/posts\/15053","targetHints":{"allow":["GET"]}}],"collection":[{"href":"https:\/\/apub.org.br\/siteantigo\/wp-json\/wp\/v2\/posts"}],"about":[{"href":"https:\/\/apub.org.br\/siteantigo\/wp-json\/wp\/v2\/types\/post"}],"author":[{"embeddable":true,"href":"https:\/\/apub.org.br\/siteantigo\/wp-json\/wp\/v2\/users\/1"}],"replies":[{"embeddable":true,"href":"https:\/\/apub.org.br\/siteantigo\/wp-json\/wp\/v2\/comments?post=15053"}],"version-history":[{"count":0,"href":"https:\/\/apub.org.br\/siteantigo\/wp-json\/wp\/v2\/posts\/15053\/revisions"}],"wp:featuredmedia":[{"embeddable":true,"href":"https:\/\/apub.org.br\/siteantigo\/wp-json\/"}],"wp:attachment":[{"href":"https:\/\/apub.org.br\/siteantigo\/wp-json\/wp\/v2\/media?parent=15053"}],"wp:term":[{"taxonomy":"category","embeddable":true,"href":"https:\/\/apub.org.br\/siteantigo\/wp-json\/wp\/v2\/categories?post=15053"},{"taxonomy":"post_tag","embeddable":true,"href":"https:\/\/apub.org.br\/siteantigo\/wp-json\/wp\/v2\/tags?post=15053"}],"curies":[{"name":"wp","href":"https:\/\/api.w.org\/{rel}","templated":true}]}}