{"id":15059,"date":"2015-03-24T18:12:30","date_gmt":"2015-03-24T18:12:30","guid":{"rendered":"http:\/\/apub.org.br\/?p=15059"},"modified":"2015-03-24T18:12:30","modified_gmt":"2015-03-24T18:12:30","slug":"leia-o-manifesto-do-forum-das-entidades-sindicais-dos-spfs-da-bahia","status":"publish","type":"post","link":"https:\/\/apub.org.br\/siteantigo\/leia-o-manifesto-do-forum-das-entidades-sindicais-dos-spfs-da-bahia\/","title":{"rendered":"Leia o manifesto do F\u00f3rum das Entidades Sindicais dos SPFs da Bahia"},"content":{"rendered":"<p>O F\u00f3rum das Entidades Sindicais dos Servidores Federais da Bahia elaborou Manifesto sobre a Campanha Salarial unificada de 2015. No documento, est\u00e3o expostos os 8 pontos b\u00e1sicos de reivindica\u00e7\u00e3o, al\u00e9m de breve an\u00e1lise da conjuntura pol\u00edtica atual.<\/p>\n<p>A elabora\u00e7\u00e3o do manifesto foi acertada na \u00faltima reuni\u00e3o do F\u00f3rum, realizada no dia 18\/03, a qual tamb\u00e9m gerou os seguintes encaminhamentos:<\/p>\n<div id=\"_mcePaste\">&#8211; Cria\u00e7\u00e3o do grupo no whatsapp do f\u00f3rum de entidades (respons\u00e1vel SINTSEF);<\/div>\n<div id=\"_mcePaste\">&#8211; Cria\u00e7\u00e3o de uma p\u00e1gina do grupo na rede bem como no Facebook;<\/div>\n<div id=\"_mcePaste\">&#8211; Participa\u00e7\u00e3o na marcha dos SPFs em Bras\u00edlia com um \u00f4nibus que ser\u00e1 cotizado com todas as entidades<\/div>\n<div id=\"_mcePaste\">presentes;<\/div>\n<div id=\"_mcePaste\">&#8211; O pr\u00f3ximo encontro do F\u00f3rum de Entidades ser\u00e1 marcado e convocado pelo grupo criado no whatsapp, provavelmente ap\u00f3s a semana de lutas programada de 7 a 9 de abril.<\/div>\n<p>Veja <a rel=\"attachment wp-att-15062\" href=\"http:\/\/apub.org.br\/?attachment_id=15062\">aqui<\/a> o manifesto completo.<\/p>\n","protected":false},"excerpt":{"rendered":"<p>O F\u00f3rum das Entidades Sindicais dos Servidores Federais da Bahia elaborou Manifesto sobre a Campanha Salarial unificada de 2015. No documento, est\u00e3o expostos os 8 pontos b\u00e1sicos de reivindica\u00e7\u00e3o, al\u00e9m de breve an\u00e1lise da conjuntura pol\u00edtica atual. A elabora\u00e7\u00e3o do manifesto foi acertada na \u00faltima reuni\u00e3o do F\u00f3rum, realizada no dia 18\/03, a qual tamb\u00e9m [&hellip;]<\/p>\n","protected":false},"author":1,"featured_media":15063,"comment_status":"closed","ping_status":"closed","sticky":false,"template":"","format":"standard","meta":{"footnotes":""},"categories":[146],"tags":[303],"class_list":["post-15059","post","type-post","status-publish","format-standard","has-post-thumbnail","hentry","category-latest-news","tag-faced"],"_links":{"self":[{"href":"https:\/\/apub.org.br\/siteantigo\/wp-json\/wp\/v2\/posts\/15059","targetHints":{"allow":["GET"]}}],"collection":[{"href":"https:\/\/apub.org.br\/siteantigo\/wp-json\/wp\/v2\/posts"}],"about":[{"href":"https:\/\/apub.org.br\/siteantigo\/wp-json\/wp\/v2\/types\/post"}],"author":[{"embeddable":true,"href":"https:\/\/apub.org.br\/siteantigo\/wp-json\/wp\/v2\/users\/1"}],"replies":[{"embeddable":true,"href":"https:\/\/apub.org.br\/siteantigo\/wp-json\/wp\/v2\/comments?post=15059"}],"version-history":[{"count":0,"href":"https:\/\/apub.org.br\/siteantigo\/wp-json\/wp\/v2\/posts\/15059\/revisions"}],"wp:featuredmedia":[{"embeddable":true,"href":"https:\/\/apub.org.br\/siteantigo\/wp-json\/"}],"wp:attachment":[{"href":"https:\/\/apub.org.br\/siteantigo\/wp-json\/wp\/v2\/media?parent=15059"}],"wp:term":[{"taxonomy":"category","embeddable":true,"href":"https:\/\/apub.org.br\/siteantigo\/wp-json\/wp\/v2\/categories?post=15059"},{"taxonomy":"post_tag","embeddable":true,"href":"https:\/\/apub.org.br\/siteantigo\/wp-json\/wp\/v2\/tags?post=15059"}],"curies":[{"name":"wp","href":"https:\/\/api.w.org\/{rel}","templated":true}]}}