{"id":15148,"date":"2015-03-30T18:43:04","date_gmt":"2015-03-30T18:43:04","guid":{"rendered":"http:\/\/apub.org.br\/?p=15148"},"modified":"2015-03-30T18:43:04","modified_gmt":"2015-03-30T18:43:04","slug":"abertas-inscricoes-para-ii-escola-de-formacao-feminista-e-popular-negra-zeferina","status":"publish","type":"post","link":"https:\/\/apub.org.br\/siteantigo\/abertas-inscricoes-para-ii-escola-de-formacao-feminista-e-popular-negra-zeferina\/","title":{"rendered":"Abertas inscri\u00e7\u00f5es para II Escola de Forma\u00e7\u00e3o Feminista e Popular Negra Zeferina"},"content":{"rendered":"<p>Est\u00e3o abertas, at\u00e9 o pr\u00f3ximo dia <strong>8\/04<\/strong>, as inscri\u00e7\u00f5es gratuitas para a <strong>II Escola de Forma\u00e7\u00e3o Feminista e Popular Negra Zeferina<\/strong>. A iniciativa \u00e9 do N\u00facleo Negra Zeferida, da Marcha Mundial das Mulheres, e conta com o apoio de diversas entidades. A forma\u00e7\u00e3o ser\u00e1 realizada nos dias <strong>11 e 12\/04 <\/strong>e<strong> <\/strong>o local ser\u00e1 enviado por email aos inscritos.<\/p>\n<p>Com o tema<strong> O Sistema Pol\u00edtico e a Luta Feminista e Popular<\/strong>, o grupo se dedicar\u00e1 ao estudo sobre a hist\u00f3ria da forma\u00e7\u00e3o do capitalismo brasileiro, o Estado e a luta pela constituinte, o mundo do trabalho, o sistema pol\u00edtico e o feminismo popular.<\/p>\n<p>A I Escola foi realizada em julho de 2014 e abordou o capitalismo racista e patriarcal, al\u00e9m da hist\u00f3ria do movimento feminista. Contou com a participa\u00e7\u00e3o de 150 mulheres que debateram conte\u00fados de grande import\u00e2ncia para a realiza\u00e7\u00e3o de suas lutas em todos os espa\u00e7os que est\u00e3o inseridas. Vale ressaltar que para participar da segunda edi\u00e7\u00e3o, n\u00e3o \u00e9 necess\u00e1rio ter a forma\u00e7\u00e3o da I Escola.<\/p>\n<p><strong>Forma\u00e7\u00e3o &#8211;<\/strong> Negra Zeferina foi uma lutadora do Quilombo do Orubu, onde hoje se encontra o bairro de Cajazeiras em Salvador. Ela \u00e9 a homenageada da Escola que visa formar mulheres que defendem ou querem conhecer o Feminismo Popular. Durante dois dias, ser\u00e1 debatido como funciona a sociedade capitalista, patriarcal e racista, como as mulheres se organizaram ao longo da hist\u00f3ria para combat\u00ea-la, como atualmente se organizam e quais as lutas em constru\u00e7\u00e3o para transformar a sociedade.<\/p>\n<p>A expectativa \u00e9 de um p\u00fablico de 300 mulheres, representantes do meio popular, das escolas, universidades, do movimento sindical e dos movimentos feministas. \u201cEssa forma\u00e7\u00e3o apresenta grande centralidade na atual conjuntura pol\u00edtica em que o governo federal \u00e9 pressionado para atender exig\u00eancias de uma agenda neoliberal, cerceando os direitos de trabalhadores e trabalhadoras, al\u00e9m do aumento do conservadorismo e fundamentalismo\u201d, explica a ge\u00f3grafa J\u00falia Garcia, militante do N\u00facleo Negra Zeferida e do Coletivo de Mulheres do Sindicato dos Engenheiros da Bahia.<\/p>\n<p><strong>Veja a programa\u00e7\u00e3o:<\/strong><\/p>\n<div><strong>S\u00e1bado &#8211; 11.04<\/strong><\/div>\n<div>7h \u00e0s 8:30 &#8211; Credenciamento e divis\u00e3o das tarefas<\/div>\n<div>8:30 &#8211; M\u00edstica e apresenta\u00e7\u00e3o das participantes<\/div>\n<div>9h &#8211; O capitalismo racista e patriarcal<\/div>\n<div>&#8211;&gt; O que \u00e9 o capitalismo? Como ele se conforma no Brasil? Como ele funciona?<\/div>\n<div>12h &#8211; Almo\u00e7o e Tempo Trabalho<\/div>\n<div>14h &#8211; Estado e a luta pela constituinte<\/div>\n<div>&#8211;&gt; O que \u00e9 o estado? Como ele se conforma? A quem serve? \u00c9 poss\u00edvel outro estado?<\/div>\n<div>18h &#8211; Jantar e Tempo Trabalho<\/div>\n<div>20h &#8211; Jornada Feminista e Popular<\/div>\n<div>23h &#8211; Hor\u00e1rio de sil\u00eancio<\/div>\n<div><strong><br \/>\n<\/strong><\/div>\n<div><strong>Domingo &#8211; 12.04<\/strong><\/div>\n<div><strong><br \/>\n<\/strong><\/div>\n<div>7h &#8211; Alvorada<\/div>\n<div>7:30 &#8211; Caf\u00e9 da Manha e Tempo Trabalho<\/div>\n<div>8:30 &#8211; Mundo do Trabalho, Sistema Pol\u00edtico e Feminismo Popular<\/div>\n<div>&#8211;&gt; Quais os desafios das feministas trabalhadoras na luta por outro Sistema Pol\u00edtico?<\/div>\n<div>12h &#8211; Almo\u00e7o<\/div>\n<div>14h &#8211; Nossos desafios e pr\u00f3ximos passos na luta feminista e popular<\/div>\n<div>&#8211; Forma\u00e7\u00e3o<\/div>\n<div>&#8211; Organiza\u00e7\u00e3o<\/div>\n<div>&#8211; Lutas<\/div>\n<div>16h &#8211; Avalia\u00e7\u00e3o<\/div>\n<div>17h &#8211; M\u00edstica de encerramento<\/div>\n<div>17:30 &#8211; Organiza\u00e7\u00e3o do espa\u00e7o<\/div>\n<div><\/div>\n<div><\/div>\n<div><a href=\"https:\/\/docs.google.com\/a\/apub.org.br\/forms\/d\/1t1nxi2HFCKIghg4oHRm72-1G9yHfVGzzq4w0glwl8eo\/viewform?edit_requested=true\" target=\"_blank\"><strong>Inscri\u00e7\u00f5es<\/strong><\/a><\/div>\n<div><a href=\"https:\/\/www.facebook.com\/NucleoNegraZeferina?ref=hl\" target=\"_blank\"><strong>Mais informa\u00e7\u00f5es<\/strong><\/a><\/div>\n<div><strong>D\u00favidas: <a href=\"mailto:mmm.negrazeferina@gmail.com\" target=\"_blank\">mmm.negrazeferina@gmail.com<\/a><\/strong><\/div>\n","protected":false},"excerpt":{"rendered":"<p>Est\u00e3o abertas, at\u00e9 o pr\u00f3ximo dia 8\/04, as inscri\u00e7\u00f5es gratuitas para a II Escola de Forma\u00e7\u00e3o Feminista e Popular Negra Zeferina. A iniciativa \u00e9 do N\u00facleo Negra Zeferida, da Marcha Mundial das Mulheres, e conta com o apoio de diversas entidades. A forma\u00e7\u00e3o ser\u00e1 realizada nos dias 11 e 12\/04 e o local ser\u00e1 enviado [&hellip;]<\/p>\n","protected":false},"author":1,"featured_media":15150,"comment_status":"closed","ping_status":"closed","sticky":false,"template":"","format":"standard","meta":{"footnotes":""},"categories":[146],"tags":[303],"class_list":["post-15148","post","type-post","status-publish","format-standard","has-post-thumbnail","hentry","category-latest-news","tag-faced"],"_links":{"self":[{"href":"https:\/\/apub.org.br\/siteantigo\/wp-json\/wp\/v2\/posts\/15148","targetHints":{"allow":["GET"]}}],"collection":[{"href":"https:\/\/apub.org.br\/siteantigo\/wp-json\/wp\/v2\/posts"}],"about":[{"href":"https:\/\/apub.org.br\/siteantigo\/wp-json\/wp\/v2\/types\/post"}],"author":[{"embeddable":true,"href":"https:\/\/apub.org.br\/siteantigo\/wp-json\/wp\/v2\/users\/1"}],"replies":[{"embeddable":true,"href":"https:\/\/apub.org.br\/siteantigo\/wp-json\/wp\/v2\/comments?post=15148"}],"version-history":[{"count":0,"href":"https:\/\/apub.org.br\/siteantigo\/wp-json\/wp\/v2\/posts\/15148\/revisions"}],"wp:featuredmedia":[{"embeddable":true,"href":"https:\/\/apub.org.br\/siteantigo\/wp-json\/"}],"wp:attachment":[{"href":"https:\/\/apub.org.br\/siteantigo\/wp-json\/wp\/v2\/media?parent=15148"}],"wp:term":[{"taxonomy":"category","embeddable":true,"href":"https:\/\/apub.org.br\/siteantigo\/wp-json\/wp\/v2\/categories?post=15148"},{"taxonomy":"post_tag","embeddable":true,"href":"https:\/\/apub.org.br\/siteantigo\/wp-json\/wp\/v2\/tags?post=15148"}],"curies":[{"name":"wp","href":"https:\/\/api.w.org\/{rel}","templated":true}]}}