{"id":15159,"date":"2015-03-31T14:35:55","date_gmt":"2015-03-31T14:35:55","guid":{"rendered":"http:\/\/apub.org.br\/?p=15159"},"modified":"2015-03-31T14:35:55","modified_gmt":"2015-03-31T14:35:55","slug":"nota-de-felecimento","status":"publish","type":"post","link":"https:\/\/apub.org.br\/siteantigo\/nota-de-felecimento\/","title":{"rendered":"Nota de Falecimento"},"content":{"rendered":"<p>\u00c9 com pesar que informamos o falecimento do professor aposentado do Instituto de Geoci\u00eancias da UFBA, Ari Medeiros Guerra, ocorrido ontem, 30 de mar\u00e7o, no Hospital S\u00edrio-Liban\u00eas, em S\u00e3o Paulo. O professor Ari tinha 74 anos e era filiado \u00e0 Apub desde 1985. O vel\u00f3rio \u00e9 no Cemit\u00e9rio Jardim da Saudade e a cerim\u00f4nia de crema\u00e7\u00e3o ser\u00e1 hoje (31), \u00e0s 16h.<\/p>\n","protected":false},"excerpt":{"rendered":"<p>\u00c9 com pesar que informamos o falecimento do professor aposentado do Instituto de Geoci\u00eancias da UFBA, Ari Medeiros Guerra, ocorrido ontem, 30 de mar\u00e7o, no Hospital S\u00edrio-Liban\u00eas, em S\u00e3o Paulo. O professor Ari tinha 74 anos e era filiado \u00e0 Apub desde 1985. O vel\u00f3rio \u00e9 no Cemit\u00e9rio Jardim da Saudade e a cerim\u00f4nia de [&hellip;]<\/p>\n","protected":false},"author":1,"featured_media":0,"comment_status":"closed","ping_status":"closed","sticky":false,"template":"","format":"standard","meta":{"footnotes":""},"categories":[138],"tags":[],"class_list":["post-15159","post","type-post","status-publish","format-standard","hentry","category-deixaram-saudades"],"_links":{"self":[{"href":"https:\/\/apub.org.br\/siteantigo\/wp-json\/wp\/v2\/posts\/15159","targetHints":{"allow":["GET"]}}],"collection":[{"href":"https:\/\/apub.org.br\/siteantigo\/wp-json\/wp\/v2\/posts"}],"about":[{"href":"https:\/\/apub.org.br\/siteantigo\/wp-json\/wp\/v2\/types\/post"}],"author":[{"embeddable":true,"href":"https:\/\/apub.org.br\/siteantigo\/wp-json\/wp\/v2\/users\/1"}],"replies":[{"embeddable":true,"href":"https:\/\/apub.org.br\/siteantigo\/wp-json\/wp\/v2\/comments?post=15159"}],"version-history":[{"count":0,"href":"https:\/\/apub.org.br\/siteantigo\/wp-json\/wp\/v2\/posts\/15159\/revisions"}],"wp:attachment":[{"href":"https:\/\/apub.org.br\/siteantigo\/wp-json\/wp\/v2\/media?parent=15159"}],"wp:term":[{"taxonomy":"category","embeddable":true,"href":"https:\/\/apub.org.br\/siteantigo\/wp-json\/wp\/v2\/categories?post=15159"},{"taxonomy":"post_tag","embeddable":true,"href":"https:\/\/apub.org.br\/siteantigo\/wp-json\/wp\/v2\/tags?post=15159"}],"curies":[{"name":"wp","href":"https:\/\/api.w.org\/{rel}","templated":true}]}}