{"id":15219,"date":"2015-04-02T12:30:14","date_gmt":"2015-04-02T12:30:14","guid":{"rendered":"http:\/\/apub.org.br\/?p=15219"},"modified":"2015-04-02T12:30:14","modified_gmt":"2015-04-02T12:30:14","slug":"ufrb-escolhe-reitor-e-vice-para-quadrienio-2015-2019","status":"publish","type":"post","link":"https:\/\/apub.org.br\/siteantigo\/ufrb-escolhe-reitor-e-vice-para-quadrienio-2015-2019\/","title":{"rendered":"UFRB escolhe reitor e vice para quadri\u00eanio 2015-2019"},"content":{"rendered":"<p>A Universidade Federal do Rec\u00f4ncavo est\u00e1 em processo de consulta para os cargos de reitor e vice reitor para o quadri\u00eanio 2015-2019. As duas chapas concorrentes, <a href=\"http:\/\/www.ufrb.edu.br\/agencia\/images\/documentos\/proposta-chapa-2-somos-tods-ufrb.pdf\" target=\"_blank\"><em>Somos tod@s UFRB<\/em><\/a> e <em><a href=\"http:\/\/www.ufrb.edu.br\/agencia\/images\/documentos\/proposta-chapa-1-ufrb-excelencia-e-diversidade.pdf\" target=\"_blank\">Exel\u00eancia e Diversidade<\/a><\/em> s\u00e3o encabe\u00e7adas pelos professores Silvio Soglia e Ana Rita Santiago, respectivamente.<\/p>\n<p>Os candidatos t\u00eam debates agendados em v\u00e1rias unidades da institui\u00e7\u00e3o entre os dias 06 e 22 de abril. A consulta ser\u00e1 nos dias 28 e 29 de abril, das 8h \u00e0s 20h, com urnas distribu\u00eddas em todos os <em>campi<\/em>.<\/p>\n","protected":false},"excerpt":{"rendered":"<p>A Universidade Federal do Rec\u00f4ncavo est\u00e1 em processo de consulta para os cargos de reitor e vice reitor para o quadri\u00eanio 2015-2019. As duas chapas concorrentes, Somos tod@s UFRB e Exel\u00eancia e Diversidade s\u00e3o encabe\u00e7adas pelos professores Silvio Soglia e Ana Rita Santiago, respectivamente. Os candidatos t\u00eam debates agendados em v\u00e1rias unidades da institui\u00e7\u00e3o entre [&hellip;]<\/p>\n","protected":false},"author":1,"featured_media":15238,"comment_status":"closed","ping_status":"closed","sticky":false,"template":"","format":"standard","meta":{"footnotes":""},"categories":[146],"tags":[303],"class_list":["post-15219","post","type-post","status-publish","format-standard","has-post-thumbnail","hentry","category-latest-news","tag-faced"],"_links":{"self":[{"href":"https:\/\/apub.org.br\/siteantigo\/wp-json\/wp\/v2\/posts\/15219","targetHints":{"allow":["GET"]}}],"collection":[{"href":"https:\/\/apub.org.br\/siteantigo\/wp-json\/wp\/v2\/posts"}],"about":[{"href":"https:\/\/apub.org.br\/siteantigo\/wp-json\/wp\/v2\/types\/post"}],"author":[{"embeddable":true,"href":"https:\/\/apub.org.br\/siteantigo\/wp-json\/wp\/v2\/users\/1"}],"replies":[{"embeddable":true,"href":"https:\/\/apub.org.br\/siteantigo\/wp-json\/wp\/v2\/comments?post=15219"}],"version-history":[{"count":0,"href":"https:\/\/apub.org.br\/siteantigo\/wp-json\/wp\/v2\/posts\/15219\/revisions"}],"wp:featuredmedia":[{"embeddable":true,"href":"https:\/\/apub.org.br\/siteantigo\/wp-json\/"}],"wp:attachment":[{"href":"https:\/\/apub.org.br\/siteantigo\/wp-json\/wp\/v2\/media?parent=15219"}],"wp:term":[{"taxonomy":"category","embeddable":true,"href":"https:\/\/apub.org.br\/siteantigo\/wp-json\/wp\/v2\/categories?post=15219"},{"taxonomy":"post_tag","embeddable":true,"href":"https:\/\/apub.org.br\/siteantigo\/wp-json\/wp\/v2\/tags?post=15219"}],"curies":[{"name":"wp","href":"https:\/\/api.w.org\/{rel}","templated":true}]}}