{"id":15260,"date":"2015-04-07T18:44:08","date_gmt":"2015-04-07T18:44:08","guid":{"rendered":"http:\/\/apub.org.br\/?p=15260"},"modified":"2015-04-07T18:44:08","modified_gmt":"2015-04-07T18:44:08","slug":"em-brasilia-apub-participa-de-ato-contra-o-pl-4330","status":"publish","type":"post","link":"https:\/\/apub.org.br\/siteantigo\/em-brasilia-apub-participa-de-ato-contra-o-pl-4330\/","title":{"rendered":"Em Bras\u00edlia, Apub participa de ato contra o PL 4330"},"content":{"rendered":"<p><a rel=\"attachment wp-att-15261\" href=\"http:\/\/apub.org.br\/?attachment_id=15261\"><img fetchpriority=\"high\" decoding=\"async\" class=\"alignnone size-full wp-image-15261\" title=\"IMG-20150407-WA0005\" src=\"http:\/\/apub.org.br\/wp-content\/uploads\/2015\/04\/IMG-20150407-WA0005.jpg\" alt=\"\" width=\"490\" height=\"420\" \/><\/a><\/p>\n<p>Hoje (7), aconteceram atos em todo o pa\u00eds contra o Projeto de Lei 4330\/2004, que amplia os casos nos quais pode haver terceiriza\u00e7\u00e3o no mercado de trabalho, permitindo que empresas possam contratar terceirizadas para realizar servi\u00e7os de atividades-fim. Centrais sindicais organizaram protestos em S\u00e3o Paulo, Salvador, Bras\u00edlia e outras regi\u00f5es do pa\u00eds contra o PL, que est\u00e1 previsto para ser votado hoje, \u00e0s 16h, na C\u00e2mara dos deputados. O presidente da C\u00e2mara, Eduardo Cunha, afirmou mais cedo que n\u00e3o adiar\u00e1 a vota\u00e7\u00e3o.<\/p>\n<p>A Apub enviou representa\u00e7\u00e3o \u00e0 Bras\u00edlia para participar do ato contra o PL 4330, juntamente com representantes da \u00a0CUT, CTB e Intersindical, entre outros. \u201cCaso este projeto que libera a terceiriza\u00e7\u00e3o seja aprovado, ele vai desregulamentar as rela\u00e7\u00f5es de trabalho no Brasil. Os trabalhadores que hoje est\u00e3o contratados pela CLT [Consolida\u00e7\u00e3o das Leis do Trabalho] v\u00e3o perder o seu v\u00ednculo empregat\u00edcio e, certamente, passar\u00e3o a ter v\u00ednculo pelo contrato de pessoa jur\u00eddica. N\u00e3o ter\u00e3o carteira assinada, f\u00e9rias, Fundo de Garantia\u201d, ressaltou o presidente estadual da Central \u00danica dos Trabalhadores (CUT), Adi Santos Lima.<\/p>\n<p><a rel=\"attachment wp-att-15262\" href=\"http:\/\/apub.org.br\/?attachment_id=15262\"><img decoding=\"async\" class=\"alignnone size-full wp-image-15262\" title=\"IMG-20150407-WA0006\" src=\"http:\/\/apub.org.br\/wp-content\/uploads\/2015\/04\/IMG-20150407-WA0006.jpg\" alt=\"\" width=\"560\" height=\"480\" \/><\/a><\/p>\n<p><strong>Salvador<\/strong>. Aqui em Salvador, houve protesto por volta das 7h da manh\u00e3 em frente \u00e0 Federa\u00e7\u00e3o das Ind\u00fastrias da Bahia \u2013 Fieb, no Stiep, com participa\u00e7\u00e3o da CUT, CTB, Associa\u00e7\u00e3o Nacional dos Magistrados do Trabalho (Anamatra), Sindicato dos Aerovi\u00e1rios da Bahia (Sindiaero), Sindicato dos Banc\u00e1rios, Sindicato dos Trabalhadores em Empresas de Transportes Ferrovi\u00e1rio e Metrovi\u00e1rio dos Estados da Bahia e Sergipe (Sindiferro), Sindicato dos Trabalhadores em Sa\u00fade do Estado da Bahia (Sindisa\u00fade), Sindicato dos Trabalhadores Qu\u00edmicos da Bahia (Sindiqu\u00edmica), For\u00e7a Sindical e movimentos sociais como Consulta Popular, Levante Popular da Juventude e Juventude Revolu\u00e7\u00e3o. \u00c0s 17h, est\u00e1 marcado um corpo a corpo com os parlamentares no Aeroporto\u00a0 da capital.<\/p>\n<p><em>Com informa\u00e7\u00f5es da Ag\u00eancia Brasil e do portal G1-Bahia<\/em><\/p>\n","protected":false},"excerpt":{"rendered":"<p>Hoje (7), aconteceram atos em todo o pa\u00eds contra o Projeto de Lei 4330\/2004, que amplia os casos nos quais pode haver terceiriza\u00e7\u00e3o no mercado de trabalho, permitindo que empresas possam contratar terceirizadas para realizar servi\u00e7os de atividades-fim. Centrais sindicais organizaram protestos em S\u00e3o Paulo, Salvador, Bras\u00edlia e outras regi\u00f5es do pa\u00eds contra o PL, [&hellip;]<\/p>\n","protected":false},"author":1,"featured_media":15261,"comment_status":"closed","ping_status":"closed","sticky":false,"template":"","format":"standard","meta":{"footnotes":""},"categories":[146],"tags":[303],"class_list":["post-15260","post","type-post","status-publish","format-standard","has-post-thumbnail","hentry","category-latest-news","tag-faced"],"_links":{"self":[{"href":"https:\/\/apub.org.br\/siteantigo\/wp-json\/wp\/v2\/posts\/15260","targetHints":{"allow":["GET"]}}],"collection":[{"href":"https:\/\/apub.org.br\/siteantigo\/wp-json\/wp\/v2\/posts"}],"about":[{"href":"https:\/\/apub.org.br\/siteantigo\/wp-json\/wp\/v2\/types\/post"}],"author":[{"embeddable":true,"href":"https:\/\/apub.org.br\/siteantigo\/wp-json\/wp\/v2\/users\/1"}],"replies":[{"embeddable":true,"href":"https:\/\/apub.org.br\/siteantigo\/wp-json\/wp\/v2\/comments?post=15260"}],"version-history":[{"count":0,"href":"https:\/\/apub.org.br\/siteantigo\/wp-json\/wp\/v2\/posts\/15260\/revisions"}],"wp:featuredmedia":[{"embeddable":true,"href":"https:\/\/apub.org.br\/siteantigo\/wp-json\/"}],"wp:attachment":[{"href":"https:\/\/apub.org.br\/siteantigo\/wp-json\/wp\/v2\/media?parent=15260"}],"wp:term":[{"taxonomy":"category","embeddable":true,"href":"https:\/\/apub.org.br\/siteantigo\/wp-json\/wp\/v2\/categories?post=15260"},{"taxonomy":"post_tag","embeddable":true,"href":"https:\/\/apub.org.br\/siteantigo\/wp-json\/wp\/v2\/tags?post=15260"}],"curies":[{"name":"wp","href":"https:\/\/api.w.org\/{rel}","templated":true}]}}