{"id":15268,"date":"2015-04-08T14:05:46","date_gmt":"2015-04-08T14:05:46","guid":{"rendered":"http:\/\/apub.org.br\/?p=15268"},"modified":"2015-04-08T14:05:46","modified_gmt":"2015-04-08T14:05:46","slug":"professora-da-ufba-e-primeira-mulher-a-presidir-a-alb","status":"publish","type":"post","link":"https:\/\/apub.org.br\/siteantigo\/professora-da-ufba-e-primeira-mulher-a-presidir-a-alb\/","title":{"rendered":"Professora da UFBA \u00e9 primeira mulher a presidir a ALB"},"content":{"rendered":"<figure id=\"attachment_15269\" aria-describedby=\"caption-attachment-15269\" style=\"width: 390px\" class=\"wp-caption alignnone\"><a rel=\"attachment wp-att-15269\" href=\"http:\/\/apub.org.br\/?attachment_id=15269\"><img fetchpriority=\"high\" decoding=\"async\" class=\"size-full wp-image-15269 \" title=\"650x375_evelina-hoisel-alb-academia-de-letras-da-bahia_1504746\" src=\"http:\/\/apub.org.br\/wp-content\/uploads\/2015\/04\/650x375_evelina-hoisel-alb-academia-de-letras-da-bahia_1504746.jpg\" alt=\"\" width=\"390\" height=\"225\" \/><\/a><figcaption id=\"caption-attachment-15269\" class=\"wp-caption-text\">Foto: Fernando Amorim<\/figcaption><\/figure>\n<p>A professora do Instituto de Letras da UFBA, Evelina Hoisel ser\u00e1 a primeira mulher a assumir a presid\u00eancia da <a href=\"https:\/\/academiadeletrasdabahia.wordpress.com\/\" target=\"_blank\">Academia de Letras da Bahia <\/a>(ALB). Ela ter\u00e1 como vice a escritora Myriam Fraga.<\/p>\n<p>Evelina Hoisel \u00e9 professora titular e pesquisadora UFBA. Entre as publica\u00e7\u00f5es de sua autoria est\u00e3o\u00a0<em>Supercaos:<\/em> <em>os estilha\u00e7os da cultura em PanAm\u00e9rica e Na\u00e7\u00f5es Unidas (<\/em>1980)<em> e Jorge Amado: 100 anos escrevendo o Brasil (2013).<\/em><\/p>\n<p>A posse ser\u00e1 amanh\u00e3 (9), \u00e0s 18h, na sede da ALB, no Palacete Go\u00e9s Calmon, localizado na Avenida Joana Ang\u00e9lica, no bairro de Nazar\u00e9.<\/p>\n","protected":false},"excerpt":{"rendered":"<p>A professora do Instituto de Letras da UFBA, Evelina Hoisel ser\u00e1 a primeira mulher a assumir a presid\u00eancia da Academia de Letras da Bahia (ALB). Ela ter\u00e1 como vice a escritora Myriam Fraga. Evelina Hoisel \u00e9 professora titular e pesquisadora UFBA. Entre as publica\u00e7\u00f5es de sua autoria est\u00e3o\u00a0Supercaos: os estilha\u00e7os da cultura em PanAm\u00e9rica e [&hellip;]<\/p>\n","protected":false},"author":1,"featured_media":15269,"comment_status":"closed","ping_status":"closed","sticky":false,"template":"","format":"standard","meta":{"footnotes":""},"categories":[144,146],"tags":[303],"class_list":["post-15268","post","type-post","status-publish","format-standard","has-post-thumbnail","hentry","category-ufba-latest-news","category-latest-news","tag-faced"],"_links":{"self":[{"href":"https:\/\/apub.org.br\/siteantigo\/wp-json\/wp\/v2\/posts\/15268","targetHints":{"allow":["GET"]}}],"collection":[{"href":"https:\/\/apub.org.br\/siteantigo\/wp-json\/wp\/v2\/posts"}],"about":[{"href":"https:\/\/apub.org.br\/siteantigo\/wp-json\/wp\/v2\/types\/post"}],"author":[{"embeddable":true,"href":"https:\/\/apub.org.br\/siteantigo\/wp-json\/wp\/v2\/users\/1"}],"replies":[{"embeddable":true,"href":"https:\/\/apub.org.br\/siteantigo\/wp-json\/wp\/v2\/comments?post=15268"}],"version-history":[{"count":0,"href":"https:\/\/apub.org.br\/siteantigo\/wp-json\/wp\/v2\/posts\/15268\/revisions"}],"wp:featuredmedia":[{"embeddable":true,"href":"https:\/\/apub.org.br\/siteantigo\/wp-json\/"}],"wp:attachment":[{"href":"https:\/\/apub.org.br\/siteantigo\/wp-json\/wp\/v2\/media?parent=15268"}],"wp:term":[{"taxonomy":"category","embeddable":true,"href":"https:\/\/apub.org.br\/siteantigo\/wp-json\/wp\/v2\/categories?post=15268"},{"taxonomy":"post_tag","embeddable":true,"href":"https:\/\/apub.org.br\/siteantigo\/wp-json\/wp\/v2\/tags?post=15268"}],"curies":[{"name":"wp","href":"https:\/\/api.w.org\/{rel}","templated":true}]}}