{"id":15276,"date":"2015-04-09T16:54:36","date_gmt":"2015-04-09T16:54:36","guid":{"rendered":"http:\/\/apub.org.br\/?p=15276"},"modified":"2015-04-09T16:54:36","modified_gmt":"2015-04-09T16:54:36","slug":"em-salvador-profissionais-e-estudantes-marcham-em-defesa-da-saude","status":"publish","type":"post","link":"https:\/\/apub.org.br\/siteantigo\/em-salvador-profissionais-e-estudantes-marcham-em-defesa-da-saude\/","title":{"rendered":"Em Salvador, profissionais e estudantes marcham em defesa da sa\u00fade"},"content":{"rendered":"<div><a rel=\"attachment wp-att-15277\" href=\"http:\/\/apub.org.br\/?attachment_id=15277\"><img fetchpriority=\"high\" decoding=\"async\" class=\"alignnone size-full wp-image-15277\" title=\"IMG-20150408-WA0006\" src=\"http:\/\/apub.org.br\/wp-content\/uploads\/2015\/04\/IMG-20150408-WA0006.jpg\" alt=\"\" width=\"619\" height=\"349\" \/><\/a><\/div>\n<div>Ter\u00e7a-feira (7), foi o dia Mundial da Sa\u00fade e, aproveitando a data, o n\u00facleo da Bahia do Centro Brasileiro de Estudos em Sa\u00fade (Cebes) organizou uma caminhada em defesa da sa\u00fade p\u00fablica no Brasil.<\/div>\n<div><a rel=\"attachment wp-att-15278\" href=\"http:\/\/apub.org.br\/?attachment_id=15278\"><img decoding=\"async\" class=\"alignnone size-full wp-image-15278\" title=\"IMG-20150408-WA0001\" src=\"http:\/\/apub.org.br\/wp-content\/uploads\/2015\/04\/IMG-20150408-WA0001.jpg\" alt=\"\" width=\"619\" height=\"349\" \/><\/a><\/div>\n<div>Profissionais e estudantes da \u00e1rea participaram da marcha, que foi da pra\u00e7a da Piedade at\u00e9 a pra\u00e7a da S\u00e9. Eles levaram faixas e cartazes de apoio \u00e0 valoriza\u00e7\u00e3o do SUS e defenderam a sa\u00fade como direito constitucional e n\u00e3o como instrumento de explora\u00e7\u00e3o econ\u00f4mica. Ap\u00f3s a caminhada, os manifestantes participaram de um\u00a0debate na C\u00e2mara Municipal de Salvador no qual foi destacado o papel desses sujeitos no processo de mobiliza\u00e7\u00e3o de toda a comunidade para fortalecer e qualificar a participa\u00e7\u00e3o popular nos espa\u00e7os das confer\u00eancias de sa\u00fade que acontecer\u00e3o em todos os munic\u00edpios, estados e no no \u00e2mbito nacional.<\/div>\n<div><a rel=\"attachment wp-att-15279\" href=\"http:\/\/apub.org.br\/?attachment_id=15279\"><img decoding=\"async\" class=\"alignnone size-full wp-image-15279\" title=\"IMG-20150408-WA0004\" src=\"http:\/\/apub.org.br\/wp-content\/uploads\/2015\/04\/IMG-20150408-WA0004.jpg\" alt=\"\" width=\"619\" height=\"349\" \/><\/a><\/div>\n<div><a rel=\"attachment wp-att-15280\" href=\"http:\/\/apub.org.br\/?attachment_id=15280\"><img loading=\"lazy\" decoding=\"async\" class=\"alignnone size-full wp-image-15280\" title=\"IMG-20150408-WA0005\" src=\"http:\/\/apub.org.br\/wp-content\/uploads\/2015\/04\/IMG-20150408-WA0005.jpg\" alt=\"\" width=\"619\" height=\"349\" \/><\/a><\/div>\n","protected":false},"excerpt":{"rendered":"<p>Ter\u00e7a-feira (7), foi o dia Mundial da Sa\u00fade e, aproveitando a data, o n\u00facleo da Bahia do Centro Brasileiro de Estudos em Sa\u00fade (Cebes) organizou uma caminhada em defesa da sa\u00fade p\u00fablica no Brasil. Profissionais e estudantes da \u00e1rea participaram da marcha, que foi da pra\u00e7a da Piedade at\u00e9 a pra\u00e7a da S\u00e9. Eles levaram [&hellip;]<\/p>\n","protected":false},"author":1,"featured_media":15279,"comment_status":"closed","ping_status":"closed","sticky":false,"template":"","format":"standard","meta":{"footnotes":""},"categories":[146],"tags":[303],"class_list":["post-15276","post","type-post","status-publish","format-standard","has-post-thumbnail","hentry","category-latest-news","tag-faced"],"_links":{"self":[{"href":"https:\/\/apub.org.br\/siteantigo\/wp-json\/wp\/v2\/posts\/15276","targetHints":{"allow":["GET"]}}],"collection":[{"href":"https:\/\/apub.org.br\/siteantigo\/wp-json\/wp\/v2\/posts"}],"about":[{"href":"https:\/\/apub.org.br\/siteantigo\/wp-json\/wp\/v2\/types\/post"}],"author":[{"embeddable":true,"href":"https:\/\/apub.org.br\/siteantigo\/wp-json\/wp\/v2\/users\/1"}],"replies":[{"embeddable":true,"href":"https:\/\/apub.org.br\/siteantigo\/wp-json\/wp\/v2\/comments?post=15276"}],"version-history":[{"count":0,"href":"https:\/\/apub.org.br\/siteantigo\/wp-json\/wp\/v2\/posts\/15276\/revisions"}],"wp:featuredmedia":[{"embeddable":true,"href":"https:\/\/apub.org.br\/siteantigo\/wp-json\/"}],"wp:attachment":[{"href":"https:\/\/apub.org.br\/siteantigo\/wp-json\/wp\/v2\/media?parent=15276"}],"wp:term":[{"taxonomy":"category","embeddable":true,"href":"https:\/\/apub.org.br\/siteantigo\/wp-json\/wp\/v2\/categories?post=15276"},{"taxonomy":"post_tag","embeddable":true,"href":"https:\/\/apub.org.br\/siteantigo\/wp-json\/wp\/v2\/tags?post=15276"}],"curies":[{"name":"wp","href":"https:\/\/api.w.org\/{rel}","templated":true}]}}