{"id":15532,"date":"2015-05-14T12:19:23","date_gmt":"2015-05-14T12:19:23","guid":{"rendered":"http:\/\/apub.org.br\/?p=15532"},"modified":"2015-05-14T12:19:23","modified_gmt":"2015-05-14T12:19:23","slug":"morre-consuelo-ponde-de-sena-presidente-do-instituto-geografico-e-historico","status":"publish","type":"post","link":"https:\/\/apub.org.br\/siteantigo\/morre-consuelo-ponde-de-sena-presidente-do-instituto-geografico-e-historico\/","title":{"rendered":"Apub lamenta falecimento da professora Consuelo Pond\u00e9 de Sena"},"content":{"rendered":"<p><a href=\"http:\/\/apub.org.br\/wp-content\/uploads\/2015\/05\/consuelo.jpg\"><img fetchpriority=\"high\" decoding=\"async\" class=\"size-medium wp-image-15533 alignleft\" title=\"consuelo\" src=\"http:\/\/apub.org.br\/wp-content\/uploads\/2015\/05\/consuelo-300x183.jpg\" alt=\"\" width=\"300\" height=\"183\" \/><\/a>CONSUELO POND\u00c9 DE SENA<\/p>\n<p>Guardi\u00e3 e protagonista da hist\u00f3ria<\/p>\n<p>A Bahia, a Universidade e a APUB lamentam a morte f\u00edsica da professora, antrop\u00f3loga e historiadora CONSUELO POND\u00c9 DE SENA ocorrida neste chuvoso 14 de maio. Hoje, no Instituto Geogr\u00e1fico e Hist\u00f3rico e, amanh\u00e3, \u00e0s 8 horas, no Jardim da Saudade estamos nos despedindo dela.<\/p>\n<p>Professora (aposentada) e Chefe do Departamento de Antropologia e Etnologia; filiada, h\u00e1 35 anos, a APUB; ex. Diretora do Centro de Estudos Baianos e, esta sua imagem final, conhecida de toda a Bahia, Presidente, h\u00e1 20 anos, do IGHB, como seu grande s\u00edmbolo e pilar.<\/p>\n<p>Relembrar cargos diz pouco da grande personalidade de Consuelo. A maior guardi\u00e3 da hist\u00f3ria da Bahia. Um exemplo: todos os anos, nos festejos de 02 de Julho, lembrava que era uma festa de origem popular, n\u00e3o oficial, oriunda de uma guerra na qual o povo participou. O IGHB sob sua dire\u00e7\u00e3o sempre foi um espa\u00e7o de pesquisa, reflex\u00e3o e a\u00e7\u00e3o, no qual se comemora o passado e se discute o presente. Com Consuelo, o IGHB manteve-se como guardi\u00e3o e protagonista da hist\u00f3ria da Bahia. Quando lamentamos a morte de Consuelo Pond\u00e9 de Senna, registramos que ela continuar\u00e1, como professora e pessoa, nos inspirando.<\/p>\n<p>APUB<\/p>\n<p>Joviniano S. de Carvalho Neto<\/p>\n<p>Diretor Social e de aposentados.<\/p>\n","protected":false},"excerpt":{"rendered":"<p>CONSUELO POND\u00c9 DE SENA Guardi\u00e3 e protagonista da hist\u00f3ria A Bahia, a Universidade e a APUB lamentam a morte f\u00edsica da professora, antrop\u00f3loga e historiadora CONSUELO POND\u00c9 DE SENA ocorrida neste chuvoso 14 de maio. Hoje, no Instituto Geogr\u00e1fico e Hist\u00f3rico e, amanh\u00e3, \u00e0s 8 horas, no Jardim da Saudade estamos nos despedindo dela. Professora [&hellip;]<\/p>\n","protected":false},"author":1,"featured_media":15533,"comment_status":"closed","ping_status":"closed","sticky":false,"template":"","format":"standard","meta":{"footnotes":""},"categories":[138],"tags":[251,303],"class_list":["post-15532","post","type-post","status-publish","format-standard","has-post-thumbnail","hentry","category-deixaram-saudades","tag-deixaram-saudades-2","tag-faced"],"_links":{"self":[{"href":"https:\/\/apub.org.br\/siteantigo\/wp-json\/wp\/v2\/posts\/15532","targetHints":{"allow":["GET"]}}],"collection":[{"href":"https:\/\/apub.org.br\/siteantigo\/wp-json\/wp\/v2\/posts"}],"about":[{"href":"https:\/\/apub.org.br\/siteantigo\/wp-json\/wp\/v2\/types\/post"}],"author":[{"embeddable":true,"href":"https:\/\/apub.org.br\/siteantigo\/wp-json\/wp\/v2\/users\/1"}],"replies":[{"embeddable":true,"href":"https:\/\/apub.org.br\/siteantigo\/wp-json\/wp\/v2\/comments?post=15532"}],"version-history":[{"count":0,"href":"https:\/\/apub.org.br\/siteantigo\/wp-json\/wp\/v2\/posts\/15532\/revisions"}],"wp:featuredmedia":[{"embeddable":true,"href":"https:\/\/apub.org.br\/siteantigo\/wp-json\/"}],"wp:attachment":[{"href":"https:\/\/apub.org.br\/siteantigo\/wp-json\/wp\/v2\/media?parent=15532"}],"wp:term":[{"taxonomy":"category","embeddable":true,"href":"https:\/\/apub.org.br\/siteantigo\/wp-json\/wp\/v2\/categories?post=15532"},{"taxonomy":"post_tag","embeddable":true,"href":"https:\/\/apub.org.br\/siteantigo\/wp-json\/wp\/v2\/tags?post=15532"}],"curies":[{"name":"wp","href":"https:\/\/api.w.org\/{rel}","templated":true}]}}