{"id":15969,"date":"2015-06-15T20:45:27","date_gmt":"2015-06-15T20:45:27","guid":{"rendered":"http:\/\/apub.org.br\/?p=15969"},"modified":"2015-06-15T20:45:27","modified_gmt":"2015-06-15T20:45:27","slug":"segundo-ministro-proposta-de-reajuste-dos-servidores-federais-sera-definida-em-duas-semanas","status":"publish","type":"post","link":"https:\/\/apub.org.br\/siteantigo\/segundo-ministro-proposta-de-reajuste-dos-servidores-federais-sera-definida-em-duas-semanas\/","title":{"rendered":"Segundo Ministro, proposta de reajuste dos servidores federais ser\u00e1 definida em duas semanas"},"content":{"rendered":"<p>De acordo com mat\u00e9ria publicada na sexta-feira, 12 de junho, no jornal Valor Econ\u00f4mico, o Ministro do Planejamento Nelson Barbosa afirmou que o governo far\u00e1 uma proposta de reajuste aos servidores p\u00fablicos federais dentro de duas semanas. Ainda segundo a mat\u00e9ria, Barbosa teria solicitado ao Congresso Nacional que n\u00e3o votassem mat\u00e9rias relativas a este tema no per\u00edodo. Desse modo, somente no dia 30 de junho ser\u00e1 votado o projeto de reajuste dos servidores do judici\u00e1rio. O Ministro adiantou, contudo, que o aumento n\u00e3o ser\u00e1 concedido conforme os percentuais que constam no texto. <a href=\"http:\/\/www.valor.com.br\/brasil\/4091130\/proposta-de-reajuste-dos-servidores-federais-sera-definida-em-duas-semanas-diz-barbosa\" target=\"_blank\">Leia mais<\/a><\/p>\n","protected":false},"excerpt":{"rendered":"<p>De acordo com mat\u00e9ria publicada na sexta-feira, 12 de junho, no jornal Valor Econ\u00f4mico, o Ministro do Planejamento Nelson Barbosa afirmou que o governo far\u00e1 uma proposta de reajuste aos servidores p\u00fablicos federais dentro de duas semanas. Ainda segundo a mat\u00e9ria, Barbosa teria solicitado ao Congresso Nacional que n\u00e3o votassem mat\u00e9rias relativas a este tema [&hellip;]<\/p>\n","protected":false},"author":1,"featured_media":0,"comment_status":"closed","ping_status":"closed","sticky":false,"template":"","format":"standard","meta":{"footnotes":""},"categories":[146],"tags":[303],"class_list":["post-15969","post","type-post","status-publish","format-standard","hentry","category-latest-news","tag-faced"],"_links":{"self":[{"href":"https:\/\/apub.org.br\/siteantigo\/wp-json\/wp\/v2\/posts\/15969","targetHints":{"allow":["GET"]}}],"collection":[{"href":"https:\/\/apub.org.br\/siteantigo\/wp-json\/wp\/v2\/posts"}],"about":[{"href":"https:\/\/apub.org.br\/siteantigo\/wp-json\/wp\/v2\/types\/post"}],"author":[{"embeddable":true,"href":"https:\/\/apub.org.br\/siteantigo\/wp-json\/wp\/v2\/users\/1"}],"replies":[{"embeddable":true,"href":"https:\/\/apub.org.br\/siteantigo\/wp-json\/wp\/v2\/comments?post=15969"}],"version-history":[{"count":0,"href":"https:\/\/apub.org.br\/siteantigo\/wp-json\/wp\/v2\/posts\/15969\/revisions"}],"wp:attachment":[{"href":"https:\/\/apub.org.br\/siteantigo\/wp-json\/wp\/v2\/media?parent=15969"}],"wp:term":[{"taxonomy":"category","embeddable":true,"href":"https:\/\/apub.org.br\/siteantigo\/wp-json\/wp\/v2\/categories?post=15969"},{"taxonomy":"post_tag","embeddable":true,"href":"https:\/\/apub.org.br\/siteantigo\/wp-json\/wp\/v2\/tags?post=15969"}],"curies":[{"name":"wp","href":"https:\/\/api.w.org\/{rel}","templated":true}]}}