{"id":1632,"date":"2011-08-03T15:14:59","date_gmt":"2011-08-03T15:14:59","guid":{"rendered":"http:\/\/apub.org.br\/?p=1632"},"modified":"2011-08-03T15:14:59","modified_gmt":"2011-08-03T15:14:59","slug":"universidade-do-reconcavo-completa-seis-anos","status":"publish","type":"post","link":"https:\/\/apub.org.br\/siteantigo\/universidade-do-reconcavo-completa-seis-anos\/","title":{"rendered":"Universidade do Rec\u00f4ncavo completa seis anos"},"content":{"rendered":"<p style=\"text-align: justify;\">Se consolidando como mais uma institui\u00e7\u00e3o federal de ensino superior no estado, a Universidade Federal do Rec\u00f4ncavo da Bahia completou, no \u00faltimo dia 29, seis anos de funda\u00e7\u00e3o. Atualmente, formam a UFRB 528 docentes, 463 t\u00e9cnico-administrativos e aproximadamente 8.200 estudantes, distribu\u00eddos em 38 cursos de gradua\u00e7\u00e3o nas quatro cidades sede: Cruz das Almas, Amargosa, Cachoeira e Santo Ant\u00f4nio de Jesus. Sua cria\u00e7\u00e3o \u00e9 fruto de uma antiga reivindica\u00e7\u00e3o da comunidade do Rec\u00f4ncavo Baiano. Em 2005, o ent\u00e3o presidente Lula sancionou a lei de n\u00ba 11.151, que determinava a cria\u00e7\u00e3o da universidade, ap\u00f3s o desmembramento da Escola de Agronomia da Universidade Federal da Bahia.<\/p>\n","protected":false},"excerpt":{"rendered":"<p>Se consolidando como mais uma institui\u00e7\u00e3o federal de ensino superior no estado, a Universidade Federal do Rec\u00f4ncavo da Bahia completou, no \u00faltimo dia 29, seis anos de funda\u00e7\u00e3o. Atualmente, formam a UFRB 528 docentes, 463 t\u00e9cnico-administrativos e aproximadamente 8.200 estudantes, distribu\u00eddos em 38 cursos de gradua\u00e7\u00e3o nas quatro cidades sede: Cruz das Almas, Amargosa, Cachoeira [&hellip;]<\/p>\n","protected":false},"author":1,"featured_media":0,"comment_status":"closed","ping_status":"closed","sticky":false,"template":"","format":"standard","meta":{"footnotes":""},"categories":[146],"tags":[],"class_list":["post-1632","post","type-post","status-publish","format-standard","hentry","category-latest-news"],"_links":{"self":[{"href":"https:\/\/apub.org.br\/siteantigo\/wp-json\/wp\/v2\/posts\/1632","targetHints":{"allow":["GET"]}}],"collection":[{"href":"https:\/\/apub.org.br\/siteantigo\/wp-json\/wp\/v2\/posts"}],"about":[{"href":"https:\/\/apub.org.br\/siteantigo\/wp-json\/wp\/v2\/types\/post"}],"author":[{"embeddable":true,"href":"https:\/\/apub.org.br\/siteantigo\/wp-json\/wp\/v2\/users\/1"}],"replies":[{"embeddable":true,"href":"https:\/\/apub.org.br\/siteantigo\/wp-json\/wp\/v2\/comments?post=1632"}],"version-history":[{"count":0,"href":"https:\/\/apub.org.br\/siteantigo\/wp-json\/wp\/v2\/posts\/1632\/revisions"}],"wp:attachment":[{"href":"https:\/\/apub.org.br\/siteantigo\/wp-json\/wp\/v2\/media?parent=1632"}],"wp:term":[{"taxonomy":"category","embeddable":true,"href":"https:\/\/apub.org.br\/siteantigo\/wp-json\/wp\/v2\/categories?post=1632"},{"taxonomy":"post_tag","embeddable":true,"href":"https:\/\/apub.org.br\/siteantigo\/wp-json\/wp\/v2\/tags?post=1632"}],"curies":[{"name":"wp","href":"https:\/\/api.w.org\/{rel}","templated":true}]}}