{"id":1645,"date":"2011-08-03T17:57:22","date_gmt":"2011-08-03T17:57:22","guid":{"rendered":"http:\/\/apub.org.br\/?p=1645"},"modified":"2011-08-03T17:57:22","modified_gmt":"2011-08-03T17:57:22","slug":"proifes-segue-negociacao-com-mpog-sobre-carreira-docente","status":"publish","type":"post","link":"https:\/\/apub.org.br\/siteantigo\/proifes-segue-negociacao-com-mpog-sobre-carreira-docente\/","title":{"rendered":"Mais uma rodada de negocia\u00e7\u00e3o sem novidades"},"content":{"rendered":"<p style=\"text-align: justify;\">\n<p style=\"text-align: justify;\">Representantes do Proifes e das entidades filiadas &#8211; APUB (Bahia), ADURN (Rio Grande do Norte) e ADUFC (Cear\u00e1) \u2013 se reuniram, nesta ter\u00e7a-feira (2), com o secret\u00e1rio de Recursos Humanos do Minist\u00e9rio do Planejamento, Duvanier Paiva, em mais uma rodada de negocia\u00e7\u00e3o. Os docentes das Ifes querem melhorias nas carreiras de Ensino Superior e do EBTT (Ensino, B\u00e1sico, T\u00e9cnico e Tecnol\u00f3gico).<\/p>\n<p style=\"text-align: justify;\"><a href=\"http:\/\/apub.org.br\/wp-content\/uploads\/2011\/08\/IMG_0121-1.jpg\"><img fetchpriority=\"high\" decoding=\"async\" class=\"aligncenter size-large wp-image-1656\" title=\"IMG_0121 (1)\" src=\"http:\/\/apub.org.br\/wp-content\/uploads\/2011\/08\/IMG_0121-1-1024x682.jpg\" alt=\"\" width=\"517\" height=\"344\" \/><\/a><\/p>\n<p style=\"text-align: justify;\">O Proifes defendeu a elimina\u00e7\u00e3o das classes de Auxiliar e Assistente, com o devido enquadramento destes docentes na classe acima e o correspondente aumento do piso. Duvanier se comprometeu em analisar a situa\u00e7\u00e3o. O governo quer a inser\u00e7\u00e3o de mais uma no topo na carreira. Mas, durante o VII Encontro Nacional, os professores deixaram claro que n\u00e3o aceitam esta condi\u00e7\u00e3o.<\/p>\n<p style=\"text-align: justify;\">O secret\u00e1rio foi enf\u00e1tico ao dizer que a mesa de negocia\u00e7\u00e3o ter\u00e1 que trabalhar com duas propostas espec\u00edficas, uma emergencial, que atenda o prazo da Lei Or\u00e7ament\u00e1ria Anual de 31 de agosto, e outra que discuta, em m\u00e9dio prazo, as pautas divergentes entre as partes.<\/p>\n<p style=\"text-align: justify;\">Outras quest\u00f5es levantadas pelos representantes da categoria foram a reposi\u00e7\u00e3o salarial da infla\u00e7\u00e3o de 2010 e 2011, equipara\u00e7\u00e3o com a carreira de Ci\u00eancia e Tecnologia e garantia da isonomia para os professores aposentados. Nova rodada est\u00e1 prevista para o pr\u00f3ximo dia 9 de agosto, \u00e0s 17h, para analisar os pontos consensuais e, assim, fechar uma proposta que seja contemplada na Lei Or\u00e7ament\u00e1ria Anual do pr\u00f3ximo ano.<\/p>\n","protected":false},"excerpt":{"rendered":"<p>Representantes do Proifes e das entidades filiadas &#8211; APUB (Bahia), ADURN (Rio Grande do Norte) e ADUFC (Cear\u00e1) \u2013 se reuniram, nesta ter\u00e7a-feira (2), com o secret\u00e1rio de Recursos Humanos do Minist\u00e9rio do Planejamento, Duvanier Paiva, em mais uma rodada de negocia\u00e7\u00e3o. Os docentes das Ifes querem melhorias nas carreiras de Ensino Superior e do [&hellip;]<\/p>\n","protected":false},"author":1,"featured_media":0,"comment_status":"closed","ping_status":"closed","sticky":false,"template":"","format":"standard","meta":{"footnotes":""},"categories":[146],"tags":[],"class_list":["post-1645","post","type-post","status-publish","format-standard","hentry","category-latest-news"],"_links":{"self":[{"href":"https:\/\/apub.org.br\/siteantigo\/wp-json\/wp\/v2\/posts\/1645","targetHints":{"allow":["GET"]}}],"collection":[{"href":"https:\/\/apub.org.br\/siteantigo\/wp-json\/wp\/v2\/posts"}],"about":[{"href":"https:\/\/apub.org.br\/siteantigo\/wp-json\/wp\/v2\/types\/post"}],"author":[{"embeddable":true,"href":"https:\/\/apub.org.br\/siteantigo\/wp-json\/wp\/v2\/users\/1"}],"replies":[{"embeddable":true,"href":"https:\/\/apub.org.br\/siteantigo\/wp-json\/wp\/v2\/comments?post=1645"}],"version-history":[{"count":0,"href":"https:\/\/apub.org.br\/siteantigo\/wp-json\/wp\/v2\/posts\/1645\/revisions"}],"wp:attachment":[{"href":"https:\/\/apub.org.br\/siteantigo\/wp-json\/wp\/v2\/media?parent=1645"}],"wp:term":[{"taxonomy":"category","embeddable":true,"href":"https:\/\/apub.org.br\/siteantigo\/wp-json\/wp\/v2\/categories?post=1645"},{"taxonomy":"post_tag","embeddable":true,"href":"https:\/\/apub.org.br\/siteantigo\/wp-json\/wp\/v2\/tags?post=1645"}],"curies":[{"name":"wp","href":"https:\/\/api.w.org\/{rel}","templated":true}]}}