{"id":1661,"date":"2011-08-04T19:36:40","date_gmt":"2011-08-04T19:36:40","guid":{"rendered":"http:\/\/apub.org.br\/?p=1661"},"modified":"2011-08-04T19:36:40","modified_gmt":"2011-08-04T19:36:40","slug":"movimento-docente-participa-de-reuniao-de-comunicacao-com-o-proifes","status":"publish","type":"post","link":"https:\/\/apub.org.br\/siteantigo\/movimento-docente-participa-de-reuniao-de-comunicacao-com-o-proifes\/","title":{"rendered":"Movimento docente discute comunica\u00e7\u00e3o com o Proifes"},"content":{"rendered":"<p style=\"text-align: justify;\">Diretores e representantes das associa\u00e7\u00f5es de docentes das Ifes filiadas ao Proifes (Apub, Adurn, Adufscar, Adufrgs e Adufc) participaram de reuni\u00e3o, nesta quarta-feira (3), para discutir a nova linha de comunica\u00e7\u00e3o e a reformula\u00e7\u00e3o da p\u00e1gina eletr\u00f4nica da entidade. Em destaque, a necessidade de estreitar a comunica\u00e7\u00e3o entre as ADs e o processo de vota\u00e7\u00e3o eletr\u00f4nica de aprecia\u00e7\u00e3o do Estatuto do Proifes Federa\u00e7\u00e3o e para a elei\u00e7\u00e3o da nova diretoria. No pr\u00f3ximo dia 17, os representantes das entidades voltam a se reunir para avaliar o sistema eletr\u00f4nico, a fim de evitar problemas durante a vota\u00e7\u00e3o dos filiados.<\/p>\n","protected":false},"excerpt":{"rendered":"<p>Diretores e representantes das associa\u00e7\u00f5es de docentes das Ifes filiadas ao Proifes (Apub, Adurn, Adufscar, Adufrgs e Adufc) participaram de reuni\u00e3o, nesta quarta-feira (3), para discutir a nova linha de comunica\u00e7\u00e3o e a reformula\u00e7\u00e3o da p\u00e1gina eletr\u00f4nica da entidade. Em destaque, a necessidade de estreitar a comunica\u00e7\u00e3o entre as ADs e o processo de vota\u00e7\u00e3o [&hellip;]<\/p>\n","protected":false},"author":1,"featured_media":0,"comment_status":"closed","ping_status":"closed","sticky":false,"template":"","format":"standard","meta":{"footnotes":""},"categories":[146],"tags":[],"class_list":["post-1661","post","type-post","status-publish","format-standard","hentry","category-latest-news"],"_links":{"self":[{"href":"https:\/\/apub.org.br\/siteantigo\/wp-json\/wp\/v2\/posts\/1661","targetHints":{"allow":["GET"]}}],"collection":[{"href":"https:\/\/apub.org.br\/siteantigo\/wp-json\/wp\/v2\/posts"}],"about":[{"href":"https:\/\/apub.org.br\/siteantigo\/wp-json\/wp\/v2\/types\/post"}],"author":[{"embeddable":true,"href":"https:\/\/apub.org.br\/siteantigo\/wp-json\/wp\/v2\/users\/1"}],"replies":[{"embeddable":true,"href":"https:\/\/apub.org.br\/siteantigo\/wp-json\/wp\/v2\/comments?post=1661"}],"version-history":[{"count":0,"href":"https:\/\/apub.org.br\/siteantigo\/wp-json\/wp\/v2\/posts\/1661\/revisions"}],"wp:attachment":[{"href":"https:\/\/apub.org.br\/siteantigo\/wp-json\/wp\/v2\/media?parent=1661"}],"wp:term":[{"taxonomy":"category","embeddable":true,"href":"https:\/\/apub.org.br\/siteantigo\/wp-json\/wp\/v2\/categories?post=1661"},{"taxonomy":"post_tag","embeddable":true,"href":"https:\/\/apub.org.br\/siteantigo\/wp-json\/wp\/v2\/tags?post=1661"}],"curies":[{"name":"wp","href":"https:\/\/api.w.org\/{rel}","templated":true}]}}