{"id":19908,"date":"2016-09-23T15:37:06","date_gmt":"2016-09-23T15:37:06","guid":{"rendered":"http:\/\/www.apub.org.br\/?p=19908"},"modified":"2016-09-23T17:00:59","modified_gmt":"2016-09-23T17:00:59","slug":"dia-nacional-de-paralisacao-mobiliza-docentes-contra-retrocessos","status":"publish","type":"post","link":"https:\/\/apub.org.br\/siteantigo\/dia-nacional-de-paralisacao-mobiliza-docentes-contra-retrocessos\/","title":{"rendered":"Dia Nacional de Paralisa\u00e7\u00e3o mobiliza docentes contra retrocessos"},"content":{"rendered":"<p style=\"text-align: justify;\">Ontem (22) foi Dia Nacional de Paralisa\u00e7\u00e3o, convocado pelas Centrais Sindicais contra o governo Temer e suas medidas de retrocessos e retirada de direitos. Em Assembleia Geral, os professores e professoras da UFBA decidiram aderir ao movimento, organizando e participando de diversas atividades ao longo do dia. Pela manh\u00e3, <a href=\"http:\/\/www.apub.org.br\/?p=19891\">houve caf\u00e9 da manh\u00e3 e panfletagem em Ondina<\/a> e o <a href=\"http:\/\/www.apub.org.br\/?p=19899\">lan\u00e7amento do Comit\u00ea ISC em defesa da Democracia<\/a>; \u00e0 tarde, os\/as docentes seguiram para o grande ato do Campo Grande \u00e0 Pra\u00e7a Castro Alves, organizado pelas Centrais e pelas Frentes Brasil Popular e Povo Sem Medo. O ato, que teve participa\u00e7\u00e3o da presidenta eleita Dilma Rousseff, reuniu cerca de 80 mil pessoas, que protestaram contra a PEC 241 (congelamento de investimentos p\u00fablicos por 20 anos), o PLP 257 (exige contrapartidas ajuste fiscal nos estados), a &#8220;Lei da Morda\u00e7a&#8221; ou \u201cEscola Sem Partido (conjunto de projetos que criminalizam a atividade docente), Reforma da Previd\u00eancia (cujo projeto aponta para um aumento da idade m\u00ednima e desvincula\u00e7\u00e3o do reajuste da aposentadoria da infla\u00e7\u00e3o), Reforma Trabalhista (medidas para flexibilizar a CLT), privatiza\u00e7\u00f5es e amea\u00e7as \u00e0 educa\u00e7\u00e3o e sa\u00fade p\u00fablicas.<\/p>\n<p style=\"text-align: justify;\">Al\u00e9m da Apub, outros sindicatos de docentes tiveram atos e atividades em seus estados. Em Goi\u00e1s, docentes da participaram da paralisa\u00e7\u00e3o e de ato junto com outras categorias de servidores. O mesmo ocorreu no Rio Grande do Norte, onde a ADURN organizou um ato pol\u00edtico e cultural na UFRN. No Cear\u00e1, a ADUFC convocou Assembleia Geral Extraordin\u00e1ria, debates e palestras; a Assembleia, inclusive, deliberou por nova paralisa\u00e7\u00e3o no dia 29 de setembro. O SINDUFMA esteve em ato no Maranh\u00e3o e o SINDIEDUTEC, do Paran\u00e1, promoveu roda de conversa com docentes e estudantes e tamb\u00e9m participou de manifesta\u00e7\u00e3o com demais categorias.<\/p>\n<p style=\"text-align: justify;\">Veja fotos do ato em Salvador:<\/p>\n<p style=\"text-align: justify;\">[huge_it_gallery id=&#8221;2&#8243;]<\/p>\n","protected":false},"excerpt":{"rendered":"<p>Ontem (22) foi Dia Nacional de Paralisa\u00e7\u00e3o, convocado pelas Centrais Sindicais contra o governo Temer e suas medidas de retrocessos e retirada de direitos. Em Assembleia Geral, os professores e professoras da UFBA decidiram aderir ao movimento, organizando e participando de diversas atividades ao longo do dia. Pela manh\u00e3, houve caf\u00e9 da manh\u00e3 e panfletagem [&hellip;]<\/p>\n","protected":false},"author":2,"featured_media":19909,"comment_status":"closed","ping_status":"closed","sticky":false,"template":"","format":"standard","meta":{"footnotes":""},"categories":[530,146],"tags":[],"class_list":["post-19908","post","type-post","status-publish","format-standard","has-post-thumbnail","hentry","category-destaques-1","category-latest-news"],"_links":{"self":[{"href":"https:\/\/apub.org.br\/siteantigo\/wp-json\/wp\/v2\/posts\/19908","targetHints":{"allow":["GET"]}}],"collection":[{"href":"https:\/\/apub.org.br\/siteantigo\/wp-json\/wp\/v2\/posts"}],"about":[{"href":"https:\/\/apub.org.br\/siteantigo\/wp-json\/wp\/v2\/types\/post"}],"author":[{"embeddable":true,"href":"https:\/\/apub.org.br\/siteantigo\/wp-json\/wp\/v2\/users\/2"}],"replies":[{"embeddable":true,"href":"https:\/\/apub.org.br\/siteantigo\/wp-json\/wp\/v2\/comments?post=19908"}],"version-history":[{"count":0,"href":"https:\/\/apub.org.br\/siteantigo\/wp-json\/wp\/v2\/posts\/19908\/revisions"}],"wp:featuredmedia":[{"embeddable":true,"href":"https:\/\/apub.org.br\/siteantigo\/wp-json\/wp\/v2\/media\/19909"}],"wp:attachment":[{"href":"https:\/\/apub.org.br\/siteantigo\/wp-json\/wp\/v2\/media?parent=19908"}],"wp:term":[{"taxonomy":"category","embeddable":true,"href":"https:\/\/apub.org.br\/siteantigo\/wp-json\/wp\/v2\/categories?post=19908"},{"taxonomy":"post_tag","embeddable":true,"href":"https:\/\/apub.org.br\/siteantigo\/wp-json\/wp\/v2\/tags?post=19908"}],"curies":[{"name":"wp","href":"https:\/\/api.w.org\/{rel}","templated":true}]}}