{"id":20160,"date":"2016-10-25T17:57:56","date_gmt":"2016-10-25T17:57:56","guid":{"rendered":"http:\/\/www.apub.org.br\/?p=20160"},"modified":"2016-10-25T17:57:56","modified_gmt":"2016-10-25T17:57:56","slug":"assembleia-aprova-calendario-eleitoral-da-apub","status":"publish","type":"post","link":"https:\/\/apub.org.br\/siteantigo\/assembleia-aprova-calendario-eleitoral-da-apub\/","title":{"rendered":"Assembleia aprova calend\u00e1rio eleitoral da Apub"},"content":{"rendered":"<p style=\"text-align: justify;\">Na Assembleia Geral realizada ontem (24), no audit\u00f3rio do PAF I, docentes aprovaram o calend\u00e1rio (<em>veja abaixo<\/em>) para as elei\u00e7\u00f5es da nova diretoria, Conselho Fiscal e Conselho de Representantes da Apub para o bi\u00eanio 2016\/2018. A plen\u00e1ria tamb\u00e9m elegeu o professor Jorge Henrique Saldanha (ICS) e a professora Adriana Ferriz (Psicologia)\u00a0para compor a Comiss\u00e3o Eleitoral. Em cumprimento ao estatuto da Apub, \u00a0a diretoria do sindicato ainda ir\u00e1 indicar mais dois (02) membros para a Comiss\u00e3o.<\/p>\n<p style=\"text-align: justify;\">A mesa foi conduzida, inicialmente, pela presidente da Apub Cl\u00e1udia Miranda juntamente com o diretor acad\u00eamico Cl\u00e1udio Lira e com a professora Danielle Medeiros (IMS\/UFBA) que, durante os informes, relatou a ocupa\u00e7\u00e3o naquela manh\u00e3 do Instituto Multidisciplinar em Sa\u00fade (Vit\u00f3ria da Conquista),\u00a0por estudantes contra a PEC 241 e em defesa da educa\u00e7\u00e3o p\u00fablica.<\/p>\n<p style=\"text-align: justify;\"><em>Conjuntura<\/em><\/p>\n<p style=\"text-align: justify;\">Atendendo solicita\u00e7\u00e3o da plen\u00e1ria, o ponto &#8220;An\u00e1lise da Conjuntura&#8221; foi inclu\u00eddo na Assembleia. Cl\u00e1udio Lira destacou que h\u00e1 cerca de 50 Comit\u00eas em Defesa da Democracia atuando nas universidades federais e que o Comit\u00ea da UFBA e a Apub t\u00eam realizado uma s\u00e9rie de atividades de mobiliza\u00e7\u00e3o. Disse ainda que a bandeira da Greve Geral era fundamental, devendo ser constru\u00edda respeitando a autonomia de cada entidade e tendo como mote central a luta contra a retirada de direitos. No entanto, a Greve ainda precisa avan\u00e7ar no convencimento da popula\u00e7\u00e3o e &#8220;sair da\u00a0universidade para barrar o projeto da direita&#8221;, disse. A professora Sandra Marinho (Faced) trouxe a reflex\u00e3o sobre a d\u00edvida p\u00fablica e como o pagamento de juros e amortiza\u00e7\u00f5es tem sido priorizado pelos governos em detrimento de outras \u00e1reas; afirmou que, nesse cen\u00e1rio, era fundamental a unifica\u00e7\u00e3o das lutas e demonstra\u00e7\u00e3o de resist\u00eancia. J\u00e1 o diretor social e de aposentados da Apub Joviniano Neto fez refer\u00eancia \u00e0 campanha midi\u00e1tica existente pela aprova\u00e7\u00e3o da PEC 241, bem como a &#8220;prepara\u00e7\u00e3o do terreno&#8221; para a reforma da Previd\u00eancia. Para ele, \u00e9 papel dos sindicatos desconstruir esse tipo de discurso.<\/p>\n<p style=\"text-align: justify;\"><em>Calend\u00e1rio<\/em><\/p>\n<p style=\"text-align: justify;\">Neste ponto da pauta, a diretoria apresentou sua proposta de calend\u00e1rio, com elei\u00e7\u00f5es nos dias 24 e 25 de novembro e posse 15 dias depois, conforme prev\u00ea o estatuto da Apub. Cl\u00e1udia Miranda destacou que a proposta estava aberta para\u00a0discuss\u00e3o, uma vez que, caso se seguisse este calend\u00e1rio, o per\u00edodo de campanha precisaria acontecer durante o recesso da UFBA; esta preocupa\u00e7\u00e3o foi compartilhada pela plen\u00e1ria e v\u00e1rios docentes apresentaram propostas de adiamento das elei\u00e7\u00f5es e tamb\u00e9m da data da posse da nova diretoria para permitir um maior tempo de campanha e debate entre as chapas. A Assembleia aprovou ent\u00e3o a proposta apresentada pelo professor Jorge Henrique, inciando o processo eleitoral no dia 24\/11 com inscri\u00e7\u00f5es das chapas, campanha entre os dias 26\/11 e 11\/12, vota\u00e7\u00e3o nos dias 12 e 13\/12 e posse da nova diretoria no dia 21\/12. Devido a altera\u00e7\u00e3o da data da posse, a Assembleia tamb\u00e9m votou e aprovou por ampla maioria a extens\u00e3o do mandato da atual gest\u00e3o at\u00e9 o dia 21.<\/p>\n<p style=\"text-align: justify;\"><img fetchpriority=\"high\" decoding=\"async\" class=\"alignnone  wp-image-20162\" src=\"http:\/\/www.apub.org.br\/wp-content\/uploads\/2016\/10\/calendario.jpg\" alt=\"calendario\" width=\"579\" height=\"422\" srcset=\"https:\/\/apub.org.br\/siteantigo\/wp-content\/uploads\/2016\/10\/calendario.jpg 877w, https:\/\/apub.org.br\/siteantigo\/wp-content\/uploads\/2016\/10\/calendario-300x219.jpg 300w, https:\/\/apub.org.br\/siteantigo\/wp-content\/uploads\/2016\/10\/calendario-768x560.jpg 768w\" sizes=\"(max-width: 579px) 100vw, 579px\" \/><\/p>\n<p style=\"text-align: justify;\">\n<p style=\"text-align: justify;\"><em>Comiss\u00e3o Eleitoral<\/em><\/p>\n<p style=\"text-align: justify;\">Foram indicados\/as\u00a0para a Comiss\u00e3o o professor Maur\u00edcio Ara\u00fajo (Direito), a professora S\u00edlvia Leite (Faced), Jorge Henrique Saldanha e Adriana Ferriz. Estes \u00faltimos foram eleitos com 27 e 30 votos respectivamente.<\/p>\n","protected":false},"excerpt":{"rendered":"<p>Na Assembleia Geral realizada ontem (24), no audit\u00f3rio do PAF I, docentes aprovaram o calend\u00e1rio (veja abaixo) para as elei\u00e7\u00f5es da nova diretoria, Conselho Fiscal e Conselho de Representantes da Apub para o bi\u00eanio 2016\/2018. A plen\u00e1ria tamb\u00e9m elegeu o professor Jorge Henrique Saldanha (ICS) e a professora Adriana Ferriz (Psicologia)\u00a0para compor a Comiss\u00e3o Eleitoral. [&hellip;]<\/p>\n","protected":false},"author":2,"featured_media":20163,"comment_status":"closed","ping_status":"closed","sticky":false,"template":"","format":"standard","meta":{"footnotes":""},"categories":[530,146],"tags":[],"class_list":["post-20160","post","type-post","status-publish","format-standard","has-post-thumbnail","hentry","category-destaques-1","category-latest-news"],"_links":{"self":[{"href":"https:\/\/apub.org.br\/siteantigo\/wp-json\/wp\/v2\/posts\/20160","targetHints":{"allow":["GET"]}}],"collection":[{"href":"https:\/\/apub.org.br\/siteantigo\/wp-json\/wp\/v2\/posts"}],"about":[{"href":"https:\/\/apub.org.br\/siteantigo\/wp-json\/wp\/v2\/types\/post"}],"author":[{"embeddable":true,"href":"https:\/\/apub.org.br\/siteantigo\/wp-json\/wp\/v2\/users\/2"}],"replies":[{"embeddable":true,"href":"https:\/\/apub.org.br\/siteantigo\/wp-json\/wp\/v2\/comments?post=20160"}],"version-history":[{"count":0,"href":"https:\/\/apub.org.br\/siteantigo\/wp-json\/wp\/v2\/posts\/20160\/revisions"}],"wp:featuredmedia":[{"embeddable":true,"href":"https:\/\/apub.org.br\/siteantigo\/wp-json\/wp\/v2\/media\/20163"}],"wp:attachment":[{"href":"https:\/\/apub.org.br\/siteantigo\/wp-json\/wp\/v2\/media?parent=20160"}],"wp:term":[{"taxonomy":"category","embeddable":true,"href":"https:\/\/apub.org.br\/siteantigo\/wp-json\/wp\/v2\/categories?post=20160"},{"taxonomy":"post_tag","embeddable":true,"href":"https:\/\/apub.org.br\/siteantigo\/wp-json\/wp\/v2\/tags?post=20160"}],"curies":[{"name":"wp","href":"https:\/\/api.w.org\/{rel}","templated":true}]}}