{"id":20201,"date":"2016-10-26T17:57:51","date_gmt":"2016-10-26T17:57:51","guid":{"rendered":"http:\/\/www.apub.org.br\/?p=20201"},"modified":"2016-10-27T19:35:16","modified_gmt":"2016-10-27T19:35:16","slug":"abertura-do-iii-encontro-de-aposentados-tem-alegria-e-chamado-a-mobilizacao","status":"publish","type":"post","link":"https:\/\/apub.org.br\/siteantigo\/abertura-do-iii-encontro-de-aposentados-tem-alegria-e-chamado-a-mobilizacao\/","title":{"rendered":"Abertura do III Encontro de Aposentados tem alegria e chamado \u00e0 mobiliza\u00e7\u00e3o"},"content":{"rendered":"<p style=\"text-align: justify;\">Confraternizar e mobilizar. Foram esses os motes da abertura do III Encontro dos Professores Aposentados da Apub, no dia 25 de outubro, na sede do sindicato. O Encontro, organizado pela Comiss\u00e3o de Aposentados, com o apoio da Diretoria, teve como tema &#8220;O capital intelectual do aposentado e sua contribui\u00e7\u00e3o para o Brasil em crise&#8221;. A mesa foi composta pela presidente da Apub, Cl\u00e1udia Miranda, a coordenadora da Comiss\u00e3o de Aposentados, Maristela Said, o diretor social e de aposentados Joviniano Neto e o presidente do PROIFES-Federa\u00e7\u00e3o Eduardo Rolim (ADUFRGS Sindical).<\/p>\n<p style=\"text-align: justify;\"><img fetchpriority=\"high\" decoding=\"async\" class=\"alignnone size-medium wp-image-20203\" src=\"http:\/\/www.apub.org.br\/wp-content\/uploads\/2016\/10\/IMG_0937-300x200.jpg\" alt=\"IMG_0937\" width=\"300\" height=\"200\" srcset=\"https:\/\/apub.org.br\/siteantigo\/wp-content\/uploads\/2016\/10\/IMG_0937-300x200.jpg 300w, https:\/\/apub.org.br\/siteantigo\/wp-content\/uploads\/2016\/10\/IMG_0937-768x512.jpg 768w, https:\/\/apub.org.br\/siteantigo\/wp-content\/uploads\/2016\/10\/IMG_0937-1024x683.jpg 1024w\" sizes=\"(max-width: 300px) 100vw, 300px\" \/>\u00a0<img decoding=\"async\" class=\"alignnone size-medium wp-image-20204\" src=\"http:\/\/www.apub.org.br\/wp-content\/uploads\/2016\/10\/IMG_0993-300x200.jpg\" alt=\"IMG_0993\" width=\"300\" height=\"200\" srcset=\"https:\/\/apub.org.br\/siteantigo\/wp-content\/uploads\/2016\/10\/IMG_0993-300x200.jpg 300w, https:\/\/apub.org.br\/siteantigo\/wp-content\/uploads\/2016\/10\/IMG_0993-768x512.jpg 768w, https:\/\/apub.org.br\/siteantigo\/wp-content\/uploads\/2016\/10\/IMG_0993-1024x683.jpg 1024w\" sizes=\"(max-width: 300px) 100vw, 300px\" \/><\/p>\n<p style=\"text-align: justify;\">A professora Maristela lembrou a atua\u00e7\u00e3o da Comiss\u00e3o &#8211; como o empenho para a institui\u00e7\u00e3o da\u00a0Programa Especial de Participa\u00e7\u00e3o de Professores Aposentados nas atividades da UFBA e a busca por novos conv\u00eanios\u00a0&#8211; bem como o aumento da participa\u00e7\u00e3o dos professores desde o \u00faltimo Encontro. Ela exaltou o clima de cordialidade e parceria existente e a import\u00e2ncia dos aposentados e aposentadas para a comunidade universit\u00e1ria: &#8220;a UFBA \u00e9 o que \u00e9 hoje pela compet\u00eancia de quem fez parte dela no passado&#8221;, disse. Joviniano Neto destacou o grande n\u00famero de filiados e filiadas aposentados\/as afirmando que o sindicato precisa ter uma pol\u00edtica voltada para o segmento. Fez refer\u00eancia \u00e0s a\u00e7\u00f5es da Apub nesse sentido, como a mobiliza\u00e7\u00e3o pela derrubada da Nota T\u00e9cnica do Minist\u00e9rio do Planejamento que impedia dupla aposentadoria dos professores D.E. e <a href=\"http:\/\/www.apub.org.br\/?p=19372\">as resolu\u00e7\u00f5es levadas pela Apub e aprovadas <\/a>no XII Encontro Nacional do PROIFES.<\/p>\n<p style=\"text-align: justify;\"><img decoding=\"async\" class=\"alignnone size-medium wp-image-20205\" src=\"http:\/\/www.apub.org.br\/wp-content\/uploads\/2016\/10\/IMG_0983-300x200.jpg\" alt=\"IMG_0983\" width=\"300\" height=\"200\" srcset=\"https:\/\/apub.org.br\/siteantigo\/wp-content\/uploads\/2016\/10\/IMG_0983-300x200.jpg 300w, https:\/\/apub.org.br\/siteantigo\/wp-content\/uploads\/2016\/10\/IMG_0983-768x512.jpg 768w, https:\/\/apub.org.br\/siteantigo\/wp-content\/uploads\/2016\/10\/IMG_0983-1024x683.jpg 1024w\" sizes=\"(max-width: 300px) 100vw, 300px\" \/>\u00a0<img loading=\"lazy\" decoding=\"async\" class=\"alignnone size-medium wp-image-20206\" src=\"http:\/\/www.apub.org.br\/wp-content\/uploads\/2016\/10\/IMG_0972-300x200.jpg\" alt=\"IMG_0972\" width=\"300\" height=\"200\" srcset=\"https:\/\/apub.org.br\/siteantigo\/wp-content\/uploads\/2016\/10\/IMG_0972-300x200.jpg 300w, https:\/\/apub.org.br\/siteantigo\/wp-content\/uploads\/2016\/10\/IMG_0972-768x512.jpg 768w, https:\/\/apub.org.br\/siteantigo\/wp-content\/uploads\/2016\/10\/IMG_0972-1024x683.jpg 1024w\" sizes=\"(max-width: 300px) 100vw, 300px\" \/><\/p>\n<p style=\"text-align: justify;\">Para o presidente da Federa\u00e7\u00e3o, Eduardo Rolim, o aposentado deve se considerar ativo nas lutas que o sindicato desenvolve, trazendo a experi\u00eancia de lutas passadas. Ele alertou que h\u00e1 uma s\u00e9rie de ataques aos direitos em curso, como a PEC 241, a Reforma da Previd\u00eancia, os projetos do &#8220;Escola Sem Partido&#8221; e que contava com &#8220;o apoio de voc\u00eas para que sejam propaladores das lutas que o sindicato faz hoje&#8221;. Citou tamb\u00e9m o acordo assinado pelo PROIFES em 2012 que instituiu a paridade entre ativos e aposentados e convidou para o Encontro de Aposentados da Federa\u00e7\u00e3o, que acontecer\u00e1 nos dias 11 e 12 de dezembro. Port fim, afirmou que o maior desafio do movimento docente \u00e9 n\u00e3o deixar que as reformas previdenci\u00e1rias que foram feitas criem uma &#8220;fratura&#8221; entre as diferentes gera\u00e7\u00f5es. &#8220;Defender os que j\u00e1 passaram \u00e9 defender a todos&#8221;, disse.<\/p>\n<p style=\"text-align: justify;\"><em>Momento Musical e Exposi\u00e7\u00e3o<\/em><\/p>\n<p style=\"text-align: justify;\"><img loading=\"lazy\" decoding=\"async\" class=\"alignnone size-medium wp-image-20207\" src=\"http:\/\/www.apub.org.br\/wp-content\/uploads\/2016\/10\/IMG_1011-300x200.jpg\" alt=\"IMG_1011\" width=\"300\" height=\"200\" srcset=\"https:\/\/apub.org.br\/siteantigo\/wp-content\/uploads\/2016\/10\/IMG_1011-300x200.jpg 300w, https:\/\/apub.org.br\/siteantigo\/wp-content\/uploads\/2016\/10\/IMG_1011-768x512.jpg 768w, https:\/\/apub.org.br\/siteantigo\/wp-content\/uploads\/2016\/10\/IMG_1011-1024x683.jpg 1024w\" sizes=\"(max-width: 300px) 100vw, 300px\" \/>\u00a0<img loading=\"lazy\" decoding=\"async\" class=\"alignnone size-medium wp-image-20208\" src=\"http:\/\/www.apub.org.br\/wp-content\/uploads\/2016\/10\/IMG_1044-300x200.jpg\" alt=\"IMG_1044\" width=\"300\" height=\"200\" srcset=\"https:\/\/apub.org.br\/siteantigo\/wp-content\/uploads\/2016\/10\/IMG_1044-300x200.jpg 300w, https:\/\/apub.org.br\/siteantigo\/wp-content\/uploads\/2016\/10\/IMG_1044-768x512.jpg 768w, https:\/\/apub.org.br\/siteantigo\/wp-content\/uploads\/2016\/10\/IMG_1044-1024x683.jpg 1024w\" sizes=\"(max-width: 300px) 100vw, 300px\" \/><\/p>\n<p style=\"text-align: justify;\">Ap\u00f3s a mesa de abertura, houve uma apresenta\u00e7\u00e3o musical pela professora Elena Rodrigues (flauta) e Ekatarina Konopeva (teclado). Elas executaram pe\u00e7as cl\u00e1ssicas, como Camille Saint-Saens e Villa Lobos,\u00a0e tamb\u00e9m can\u00e7\u00f5es da Bossa Nova. Em seguida, houve confraterniza\u00e7\u00e3o com coquetel e exposi\u00e7\u00e3o de telas e esculturas de professores\/as. A mostra ficar\u00e1 em exibi\u00e7\u00e3o at\u00e9 o dia 01 de novembro.<\/p>\n","protected":false},"excerpt":{"rendered":"<p>Confraternizar e mobilizar. Foram esses os motes da abertura do III Encontro dos Professores Aposentados da Apub, no dia 25 de outubro, na sede do sindicato. O Encontro, organizado pela Comiss\u00e3o de Aposentados, com o apoio da Diretoria, teve como tema &#8220;O capital intelectual do aposentado e sua contribui\u00e7\u00e3o para o Brasil em crise&#8221;. A [&hellip;]<\/p>\n","protected":false},"author":2,"featured_media":20202,"comment_status":"closed","ping_status":"closed","sticky":false,"template":"","format":"standard","meta":{"footnotes":""},"categories":[530,146],"tags":[],"class_list":["post-20201","post","type-post","status-publish","format-standard","has-post-thumbnail","hentry","category-destaques-1","category-latest-news"],"_links":{"self":[{"href":"https:\/\/apub.org.br\/siteantigo\/wp-json\/wp\/v2\/posts\/20201","targetHints":{"allow":["GET"]}}],"collection":[{"href":"https:\/\/apub.org.br\/siteantigo\/wp-json\/wp\/v2\/posts"}],"about":[{"href":"https:\/\/apub.org.br\/siteantigo\/wp-json\/wp\/v2\/types\/post"}],"author":[{"embeddable":true,"href":"https:\/\/apub.org.br\/siteantigo\/wp-json\/wp\/v2\/users\/2"}],"replies":[{"embeddable":true,"href":"https:\/\/apub.org.br\/siteantigo\/wp-json\/wp\/v2\/comments?post=20201"}],"version-history":[{"count":0,"href":"https:\/\/apub.org.br\/siteantigo\/wp-json\/wp\/v2\/posts\/20201\/revisions"}],"wp:featuredmedia":[{"embeddable":true,"href":"https:\/\/apub.org.br\/siteantigo\/wp-json\/wp\/v2\/media\/20202"}],"wp:attachment":[{"href":"https:\/\/apub.org.br\/siteantigo\/wp-json\/wp\/v2\/media?parent=20201"}],"wp:term":[{"taxonomy":"category","embeddable":true,"href":"https:\/\/apub.org.br\/siteantigo\/wp-json\/wp\/v2\/categories?post=20201"},{"taxonomy":"post_tag","embeddable":true,"href":"https:\/\/apub.org.br\/siteantigo\/wp-json\/wp\/v2\/tags?post=20201"}],"curies":[{"name":"wp","href":"https:\/\/api.w.org\/{rel}","templated":true}]}}