{"id":20217,"date":"2016-10-28T16:12:20","date_gmt":"2016-10-28T16:12:20","guid":{"rendered":"http:\/\/www.apub.org.br\/?p=20217"},"modified":"2016-11-29T19:44:30","modified_gmt":"2016-11-29T19:44:30","slug":"nao-temos-uma-crise-fiscal-no-brasil-e-se-tivessemos-nao-seria-da-previdencia","status":"publish","type":"post","link":"https:\/\/apub.org.br\/siteantigo\/nao-temos-uma-crise-fiscal-no-brasil-e-se-tivessemos-nao-seria-da-previdencia\/","title":{"rendered":"&#8220;N\u00e3o temos uma crise fiscal no Brasil, e se tiv\u00e9ssemos, n\u00e3o seria da Previd\u00eancia&#8221;"},"content":{"rendered":"<p style=\"text-align: justify;\">A Previd\u00eancia Social brasileira \u00e9 superavit\u00e1ria. Foi para demonstrar a veracidade dessa afirma\u00e7\u00e3o que a professora, especialista em macroeconomia, Denise Gentil (UFRJ) fez sua palestra &#8220;Seguridade Social no Brasil: a crise \u00e9 real?&#8221; durante o III Encontro dos Professores Aposentados da Apub, dia 26 de outubro no Hotel Portobello. E foi al\u00e9m, ao afirmar que a pr\u00f3pria &#8220;crise fiscal&#8221; que o pa\u00eds atravessa \u00e9 uma consequ\u00eancia de escolhas econ\u00f4micas para privilegiar o setor privado e o capital financeiro. &#8220;A recess\u00e3o que foi produzida aqui visava reduzir os sal\u00e1rios de, um lado, e do outro desmontar o nosso sistema de prote\u00e7\u00e3o social, leia-se: desmontar o nosso sistema previdenci\u00e1rio&#8221;, declarou.<\/p>\n<p style=\"text-align: justify;\">Gentil\u00a0explicou que, em 2011, houve uma mudan\u00e7a na pol\u00edtica fiscal brasileira que gerou amplas desonera\u00e7\u00f5es para empresas privadas. A ideia por tr\u00e1s disso era que, pagando menos impostos, essas empresas se sentiriam estimuladas a fazer novos\u00a0investimentos com o capital excedente &#8211; n\u00e3o foi o que aconteceu. Em 2014, por exemplo, as desonera\u00e7\u00f5es totais alcan\u00e7aram R$ 253,9 bilh\u00f5es,\u00a0em 2015 passam para R$ 282 bilh\u00f5es e em 2016 est\u00e3o previstos R$ 271 bilh\u00f5es. &#8220;O governo diz que em 2015 houve um d\u00e9ficit na Previd\u00eancia de R$ 85 bilh\u00f5es e que este ano o d\u00e9ficit j\u00e1 estaria em mais de R$ 110 bilh\u00f5es. Esse governo renuncia a R$ 271 bilh\u00f5es em receitas(&#8230;).\u00a0Eu pergunto a voc\u00eas: esse pa\u00eds tem realmente uma crise fiscal? Ou o governo tem recursos que ele abre m\u00e3o para as empresas privadas?&#8221;.<\/p>\n<p style=\"text-align: justify;\">Al\u00e9m das desonera\u00e7\u00f5es, os governos, desde FHC, colocam em pr\u00e1tica a Desvincula\u00e7\u00e3o das Receitas da Uni\u00e3o &#8211; D.R.U. Trata-se de um mecanismo para retirar recursos vinculados pela Constitui\u00e7\u00e3o a \u00e1reas como a Assist\u00eancia Social e utiliz\u00e1-los para outros fins, como o pagamento de juros da d\u00edvida. Este ano, a al\u00edquota da D.R.U. foi elevada para 30% com dura\u00e7\u00e3o at\u00e9 2023. &#8220;Isso \u00e9 uma forma de retirar recursos da seguridade social&#8221;, disse Gentil.<\/p>\n<p style=\"text-align: justify;\">Ela foi enf\u00e1tica ao afirmar que n\u00e3o \u00e9 a Previd\u00eancia que aumenta a d\u00edvida p\u00fablica, \u00a0gerada, na realidade, pela capitaliza\u00e7\u00e3o dos bancos p\u00fablicos e por opera\u00e7\u00f5es de pol\u00edtica monet\u00e1ria e cambial. E explica: &#8220;n\u00f3s temos uma coisa chamada regime de meta da infla\u00e7\u00e3o. Quando o Banco Central capta informa\u00e7\u00f5es no mercado e percebe que os empres\u00e1rios est\u00e3o dizendo que a infla\u00e7\u00e3o vai subir, a rea\u00e7\u00e3o \u00e9 subir a taxa de juros&#8221;. Para isso, s\u00e3o emitidos t\u00edtulos do tesouro nacional. &#8220;Para subir a taxa de juros ou para mant\u00ea-la num patamar muito alto o governo necessariamente aumenta a d\u00edvida p\u00fablica&#8221;. Quem ganha com essas opera\u00e7\u00f5es\u00a0s\u00e3o bancos e fundos de investimento. Por isso, medidas de conten\u00e7\u00e3o de gastos como a PEC 241 n\u00e3o resolvem o problema: &#8220;n\u00e3o tem nenhuma chance dessa PEC diminuir a d\u00edvida p\u00fablica, porque ela \u00e9 causada por opera\u00e7\u00f5es cambiais&#8221;, disse Gentil.<\/p>\n<p style=\"text-align: justify;\">Ainda assim, ela afirma que a Previd\u00eancia teve um super\u00e1vit de R$ 16 bilh\u00f5es em 2015. O alardeado d\u00e9ficit n\u00e3o passaria de uma farsa cont\u00e1bil que leva em conta somente a arrecada\u00e7\u00e3o da contribui\u00e7\u00e3o previdenci\u00e1ria paga em folha ignorando as outras fontes de recursos que a Previd\u00eancia tem, como o COFINS e a Contribui\u00e7\u00e3o Sobre o Lucro L\u00edquido (CSLL). &#8220;O que est\u00e1 precisando de reforma? A Previd\u00eancia ou a pol\u00edtica monet\u00e1ria?&#8221;, questionou.<\/p>\n","protected":false},"excerpt":{"rendered":"<p>A Previd\u00eancia Social brasileira \u00e9 superavit\u00e1ria. Foi para demonstrar a veracidade dessa afirma\u00e7\u00e3o que a professora, especialista em macroeconomia, Denise Gentil (UFRJ) fez sua palestra &#8220;Seguridade Social no Brasil: a crise \u00e9 real?&#8221; durante o III Encontro dos Professores Aposentados da Apub, dia 26 de outubro no Hotel Portobello. E foi al\u00e9m, ao afirmar que [&hellip;]<\/p>\n","protected":false},"author":2,"featured_media":20226,"comment_status":"closed","ping_status":"closed","sticky":false,"template":"","format":"standard","meta":{"footnotes":""},"categories":[530,146],"tags":[],"class_list":["post-20217","post","type-post","status-publish","format-standard","has-post-thumbnail","hentry","category-destaques-1","category-latest-news"],"_links":{"self":[{"href":"https:\/\/apub.org.br\/siteantigo\/wp-json\/wp\/v2\/posts\/20217","targetHints":{"allow":["GET"]}}],"collection":[{"href":"https:\/\/apub.org.br\/siteantigo\/wp-json\/wp\/v2\/posts"}],"about":[{"href":"https:\/\/apub.org.br\/siteantigo\/wp-json\/wp\/v2\/types\/post"}],"author":[{"embeddable":true,"href":"https:\/\/apub.org.br\/siteantigo\/wp-json\/wp\/v2\/users\/2"}],"replies":[{"embeddable":true,"href":"https:\/\/apub.org.br\/siteantigo\/wp-json\/wp\/v2\/comments?post=20217"}],"version-history":[{"count":0,"href":"https:\/\/apub.org.br\/siteantigo\/wp-json\/wp\/v2\/posts\/20217\/revisions"}],"wp:featuredmedia":[{"embeddable":true,"href":"https:\/\/apub.org.br\/siteantigo\/wp-json\/wp\/v2\/media\/20226"}],"wp:attachment":[{"href":"https:\/\/apub.org.br\/siteantigo\/wp-json\/wp\/v2\/media?parent=20217"}],"wp:term":[{"taxonomy":"category","embeddable":true,"href":"https:\/\/apub.org.br\/siteantigo\/wp-json\/wp\/v2\/categories?post=20217"},{"taxonomy":"post_tag","embeddable":true,"href":"https:\/\/apub.org.br\/siteantigo\/wp-json\/wp\/v2\/tags?post=20217"}],"curies":[{"name":"wp","href":"https:\/\/api.w.org\/{rel}","templated":true}]}}