{"id":20235,"date":"2016-10-28T18:19:46","date_gmt":"2016-10-28T18:19:46","guid":{"rendered":"http:\/\/www.apub.org.br\/?p=20235"},"modified":"2016-10-28T18:19:46","modified_gmt":"2016-10-28T18:19:46","slug":"apub-e-proaeufba-realizam-roda-de-conversa-sobre-empoderamento-das-familias-negras","status":"publish","type":"post","link":"https:\/\/apub.org.br\/siteantigo\/apub-e-proaeufba-realizam-roda-de-conversa-sobre-empoderamento-das-familias-negras\/","title":{"rendered":"Apub e Proae\/UFBA realizam roda de conversa sobre empoderamento das fam\u00edlias negras"},"content":{"rendered":"<p style=\"text-align: justify;\">Como parte das atividades do Novembro Negro, a Apub e a Pr\u00f3-reitoria de A\u00e7\u00f5es Afirmativas e Assist\u00eancia Estudantil da UFBA organizam para o dia 03\/11 a roda de conversa \u201cO empoderamento das fam\u00edlias negras a partir da arte e educa\u00e7\u00e3o\u201d. O evento ser\u00e1 na sede da Apub, das 13h \u00e0s 16h, e ter\u00e1 a participa\u00e7\u00e3o de MC Soffia, revela\u00e7\u00e3o do hip hop de apenas 12 anos que canta sobre empoderamento das meninas negras.<\/p>\n<p style=\"text-align: justify;\">Parte\u00a0de uma fam\u00edlia de mulheres educadoras e militantes do movimento negro e feminista, MC Soffia \u00e9 a prova concreta de que a educa\u00e7\u00e3o faz a diferen\u00e7a. Ela canta desde os 6 anos de idade, quando foi <a href=\"http:\/\/revistatrip.uol.com.br\/tpm\/entrevista-com-mc-soffia\">apresentada ao hip hop por sua m\u00e3e, Kamilah<\/a>. Nas redes sociais, sua <a href=\"https:\/\/www.facebook.com\/mcsoffia\/?fref=ts\">p\u00e1gina do Facebook <\/a>ultrapassa 100\u00a0mil curtidas e seu clipe &#8220;Menina Pretinha&#8221; tem mais de 600 mil visualiza\u00e7\u00f5es no Youtube. Confira abaixo:<\/p>\n<p><iframe title=\"Mc Soffia - Menina Pretinha\" width=\"800\" height=\"450\" src=\"https:\/\/www.youtube.com\/embed\/cbOG2HS1WKo?feature=oembed\" frameborder=\"0\" allow=\"accelerometer; autoplay; clipboard-write; encrypted-media; gyroscope; picture-in-picture\" allowfullscreen><\/iframe><\/p>\n","protected":false},"excerpt":{"rendered":"<p>Como parte das atividades do Novembro Negro, a Apub e a Pr\u00f3-reitoria de A\u00e7\u00f5es Afirmativas e Assist\u00eancia Estudantil da UFBA organizam para o dia 03\/11 a roda de conversa \u201cO empoderamento das fam\u00edlias negras a partir da arte e educa\u00e7\u00e3o\u201d. O evento ser\u00e1 na sede da Apub, das 13h \u00e0s 16h, e ter\u00e1 a participa\u00e7\u00e3o [&hellip;]<\/p>\n","protected":false},"author":2,"featured_media":20236,"comment_status":"closed","ping_status":"closed","sticky":false,"template":"","format":"standard","meta":{"footnotes":""},"categories":[530,146],"tags":[],"class_list":["post-20235","post","type-post","status-publish","format-standard","has-post-thumbnail","hentry","category-destaques-1","category-latest-news"],"_links":{"self":[{"href":"https:\/\/apub.org.br\/siteantigo\/wp-json\/wp\/v2\/posts\/20235","targetHints":{"allow":["GET"]}}],"collection":[{"href":"https:\/\/apub.org.br\/siteantigo\/wp-json\/wp\/v2\/posts"}],"about":[{"href":"https:\/\/apub.org.br\/siteantigo\/wp-json\/wp\/v2\/types\/post"}],"author":[{"embeddable":true,"href":"https:\/\/apub.org.br\/siteantigo\/wp-json\/wp\/v2\/users\/2"}],"replies":[{"embeddable":true,"href":"https:\/\/apub.org.br\/siteantigo\/wp-json\/wp\/v2\/comments?post=20235"}],"version-history":[{"count":0,"href":"https:\/\/apub.org.br\/siteantigo\/wp-json\/wp\/v2\/posts\/20235\/revisions"}],"wp:featuredmedia":[{"embeddable":true,"href":"https:\/\/apub.org.br\/siteantigo\/wp-json\/wp\/v2\/media\/20236"}],"wp:attachment":[{"href":"https:\/\/apub.org.br\/siteantigo\/wp-json\/wp\/v2\/media?parent=20235"}],"wp:term":[{"taxonomy":"category","embeddable":true,"href":"https:\/\/apub.org.br\/siteantigo\/wp-json\/wp\/v2\/categories?post=20235"},{"taxonomy":"post_tag","embeddable":true,"href":"https:\/\/apub.org.br\/siteantigo\/wp-json\/wp\/v2\/tags?post=20235"}],"curies":[{"name":"wp","href":"https:\/\/api.w.org\/{rel}","templated":true}]}}