{"id":20660,"date":"2016-12-13T18:54:14","date_gmt":"2016-12-13T18:54:14","guid":{"rendered":"http:\/\/www.apub.org.br\/?p=20660"},"modified":"2016-12-13T18:54:14","modified_gmt":"2016-12-13T18:54:14","slug":"nota-do-proifes-federacao-sobre-a-pec-55-o-futuro-do-brasil-foi-reprovado","status":"publish","type":"post","link":"https:\/\/apub.org.br\/siteantigo\/nota-do-proifes-federacao-sobre-a-pec-55-o-futuro-do-brasil-foi-reprovado\/","title":{"rendered":"Nota do PROIFES-Federa\u00e7\u00e3o sobre a PEC 55: O futuro do Brasil foi reprovado"},"content":{"rendered":"<p style=\"text-align: center;\"><strong>O futuro do Brasil foi reprovado<\/strong><\/p>\n<p style=\"text-align: justify;\">N\u00e3o passou de ano. N\u00e3o passou de seis meses de governo Temer para que a mais draconiana das medidas fosse adotada. Nesta ter\u00e7a-feira, 13, o Senado Federal reprovou o futuro do Brasil ao passar, por 53 votos a favor, a Proposta de Emenda \u00e0 Constitui\u00e7\u00e3o (PEC) 55, em vota\u00e7\u00e3o em segundo turno. A PEC congela investimentos no pa\u00eds nos pr\u00f3ximos 20 anos, amea\u00e7a conquistas sociais hist\u00f3ricas, e condena as pr\u00f3ximas gera\u00e7\u00f5es de brasileiros e brasileiras a viverem para ver a destrui\u00e7\u00e3o de um modelo social mais justo com os mais pobres, em um Estado submisso ao capital financeiro internacional.<\/p>\n<p style=\"text-align: justify;\">&#8220;\u00c9 inaceit\u00e1vel que um texto que altere t\u00e3o significativamente a vida de um pa\u00eds seja aprovado em t\u00e3o pouco tempo, com t\u00e3o pouca discuss\u00e3o, por um governo que n\u00e3o teve votos&#8221;, afirmou o professor Eduardo Rolim, presidente do PROIFES-Federa\u00e7\u00e3o, acrescentando que o alcance das medidas, de vinte anos, &#8220;significa o sacrif\u00edcio direto de duas gera\u00e7\u00f5es, ou mais, que n\u00e3o ter\u00e3o possibilidade de reverter o perene quadro delet\u00e9rio gerado por esta PEC e por este governo transit\u00f3rio e ileg\u00edtimo&#8221;.<\/p>\n<p style=\"text-align: justify;\">Apesar das fal\u00e1cias propaladas pela base de apoio do governo Temer no Congresso Nacional, o fato \u00e9 que a aplica\u00e7\u00e3o da PEC 55 significa que os m\u00ednimos constitucionais garantidos para \u00e1reas sens\u00edveis como Educa\u00e7\u00e3o e Sa\u00fade n\u00e3o ser\u00e3o cumpridos, e, como se n\u00e3o fosse poss\u00edvel piorar o que j\u00e1 \u00e9 ruim, no m\u00e9dio prazo estes valores ser\u00e3o reduzidos. &#8220;De 6,5% do Produto Interno Bruto destinados para Educa\u00e7\u00e3o hoje, a PEC reduz para prov\u00e1veis 4,5% em vinte anos, o que representa uma perda absurda e irrepar\u00e1vel para as pr\u00f3ximas gera\u00e7\u00f5es&#8221;, detalha o diretor do PROIFES-Federa\u00e7\u00e3o, Gil Vicente.<\/p>\n<p style=\"text-align: justify;\">Ironia \u00faltima o fato de a PEC 55 ser aprovada no mesmo dia que, em 1968, foi baixado o Ato Institucional n.5, quando o Brasil vivia ent\u00e3o, como vive agora, sob a tutela de um governo autorit\u00e1rio, repressivo, violento e que tamb\u00e9m chegou ao poder por meio de um golpe. Tamb\u00e9m \u00e0 semelhan\u00e7a do governo civil-militar de ent\u00e3o, o governo Temer tenta, mas n\u00e3o vai conseguir, destruir a esperan\u00e7a do pa\u00eds para o benef\u00edcio de poucos. E assim como dantes, o Brasil sobreviver\u00e1, apesar dos golpes, apesar das PECs, apesar de temer por seu futuro, com coragem, resist\u00eancia e luta.<\/p>\n<p style=\"text-align: justify;\"><em>PROIFES-Federa\u00e7\u00e3o<\/em><\/p>\n","protected":false},"excerpt":{"rendered":"<p>O futuro do Brasil foi reprovado N\u00e3o passou de ano. N\u00e3o passou de seis meses de governo Temer para que a mais draconiana das medidas fosse adotada. Nesta ter\u00e7a-feira, 13, o Senado Federal reprovou o futuro do Brasil ao passar, por 53 votos a favor, a Proposta de Emenda \u00e0 Constitui\u00e7\u00e3o (PEC) 55, em vota\u00e7\u00e3o [&hellip;]<\/p>\n","protected":false},"author":2,"featured_media":20661,"comment_status":"closed","ping_status":"closed","sticky":false,"template":"","format":"standard","meta":{"footnotes":""},"categories":[530,142,146],"tags":[],"class_list":["post-20660","post","type-post","status-publish","format-standard","has-post-thumbnail","hentry","category-destaques-1","category-proifes-2","category-latest-news"],"_links":{"self":[{"href":"https:\/\/apub.org.br\/siteantigo\/wp-json\/wp\/v2\/posts\/20660","targetHints":{"allow":["GET"]}}],"collection":[{"href":"https:\/\/apub.org.br\/siteantigo\/wp-json\/wp\/v2\/posts"}],"about":[{"href":"https:\/\/apub.org.br\/siteantigo\/wp-json\/wp\/v2\/types\/post"}],"author":[{"embeddable":true,"href":"https:\/\/apub.org.br\/siteantigo\/wp-json\/wp\/v2\/users\/2"}],"replies":[{"embeddable":true,"href":"https:\/\/apub.org.br\/siteantigo\/wp-json\/wp\/v2\/comments?post=20660"}],"version-history":[{"count":0,"href":"https:\/\/apub.org.br\/siteantigo\/wp-json\/wp\/v2\/posts\/20660\/revisions"}],"wp:featuredmedia":[{"embeddable":true,"href":"https:\/\/apub.org.br\/siteantigo\/wp-json\/wp\/v2\/media\/20661"}],"wp:attachment":[{"href":"https:\/\/apub.org.br\/siteantigo\/wp-json\/wp\/v2\/media?parent=20660"}],"wp:term":[{"taxonomy":"category","embeddable":true,"href":"https:\/\/apub.org.br\/siteantigo\/wp-json\/wp\/v2\/categories?post=20660"},{"taxonomy":"post_tag","embeddable":true,"href":"https:\/\/apub.org.br\/siteantigo\/wp-json\/wp\/v2\/tags?post=20660"}],"curies":[{"name":"wp","href":"https:\/\/api.w.org\/{rel}","templated":true}]}}