{"id":20780,"date":"2016-12-20T17:02:23","date_gmt":"2016-12-20T17:02:23","guid":{"rendered":"http:\/\/www.apub.org.br\/?p=20780"},"modified":"2016-12-20T17:02:23","modified_gmt":"2016-12-20T17:02:23","slug":"pacote-de-medidas-microeconomicas-de-temer-nao-sera-capaz-de-estimular-a-producao-afirma-dieese","status":"publish","type":"post","link":"https:\/\/apub.org.br\/siteantigo\/pacote-de-medidas-microeconomicas-de-temer-nao-sera-capaz-de-estimular-a-producao-afirma-dieese\/","title":{"rendered":"Pacote de medidas microecon\u00f4micas de Temer n\u00e3o ser\u00e1 capaz de estimular a produ\u00e7\u00e3o, afirma Dieese"},"content":{"rendered":"<p style=\"text-align: justify;\">O Departamento Intersindical de Estat\u00edstica e Estudos Socioecon\u00f4micos (Dieese) divulgou nota t\u00e9cnica na qual analisa as propostas do governo Temer para incentivar a retomada do crescimento econ\u00f4mico.<\/p>\n<p style=\"text-align: justify;\">Anunciado na \u00faltima quinta-feira, 15, o pacote do governo inclui medidas como o parcelamento de d\u00e9bitos tribut\u00e1rios das empresas e dos contribuintes; a regulariza\u00e7\u00e3o de descontos que os lojistas oferecem de acordo com o meio de pagamento (cart\u00e3o, boleto, cr\u00e9dito ou dinheiro); incentivo ao cr\u00e9dito imobili\u00e1rio e redu\u00e7\u00e3o gradativa dos juros do cart\u00e3o de cr\u00e9dito, dentre outras medidas.<\/p>\n<p>O objetivo do pacote \u00e9 impedir o aprofundamento da recess\u00e3o, com o Produto Interno Bruto (PIB) brasileiro, segundo dados do Instituto Brasileiro de Geografia e Estat\u00edstica (IBGE) registrando queda h\u00e1 tr\u00eas trimestres consecutivos, com previs\u00e3o de retra\u00e7\u00e3o de 4% em 2016. Mas para o Dieese, o &#8220;conjunto de medidas anunciadas pelo governo, no entanto, n\u00e3o \u00e9 um programa de est\u00edmulo \u00e0 economia e n\u00e3o ser\u00e1 capaz de impulsionar a atividade produtiva.&#8221;<\/p>\n<p style=\"text-align: justify;\">Na nota t\u00e9cnica &#8221; An\u00e1lise das medidas propostas pelo governo federal para incentivar a retomada do crescimento da economia&#8221;, o Dieese destaca que &#8220;esperava-se do governo um conjunto de iniciativas que mobilizasse investimentos e retomasse o consumo interno, com o Estado assumindo papel de indutor da empreitada de tirar a economia da recess\u00e3o&#8221;, o que n\u00e3o se realizou no referido pacote, e n\u00e3o foi de encontro ao que demandam as Centrais Sindicais, por medidas que &#8220;enfrentem o crescimento do desemprego e o travamento da atividade produtiva&#8221;.<\/p>\n<p style=\"text-align: justify;\"><a href=\"http:\/\/www.apub.org.br\/wp-content\/uploads\/2016\/12\/dieese.pdf\" target=\"_blank\">Veja aqui a Nota T\u00e9cnica n. 165 do Dieese<\/a><\/p>\n<p style=\"text-align: justify;\"><em>Fonte: PROIFES-Federa\u00e7\u00e3o<\/em><\/p>\n","protected":false},"excerpt":{"rendered":"<p>O Departamento Intersindical de Estat\u00edstica e Estudos Socioecon\u00f4micos (Dieese) divulgou nota t\u00e9cnica na qual analisa as propostas do governo Temer para incentivar a retomada do crescimento econ\u00f4mico. Anunciado na \u00faltima quinta-feira, 15, o pacote do governo inclui medidas como o parcelamento de d\u00e9bitos tribut\u00e1rios das empresas e dos contribuintes; a regulariza\u00e7\u00e3o de descontos que os [&hellip;]<\/p>\n","protected":false},"author":2,"featured_media":20782,"comment_status":"closed","ping_status":"closed","sticky":false,"template":"","format":"standard","meta":{"footnotes":""},"categories":[530,142,146],"tags":[],"class_list":["post-20780","post","type-post","status-publish","format-standard","has-post-thumbnail","hentry","category-destaques-1","category-proifes-2","category-latest-news"],"_links":{"self":[{"href":"https:\/\/apub.org.br\/siteantigo\/wp-json\/wp\/v2\/posts\/20780","targetHints":{"allow":["GET"]}}],"collection":[{"href":"https:\/\/apub.org.br\/siteantigo\/wp-json\/wp\/v2\/posts"}],"about":[{"href":"https:\/\/apub.org.br\/siteantigo\/wp-json\/wp\/v2\/types\/post"}],"author":[{"embeddable":true,"href":"https:\/\/apub.org.br\/siteantigo\/wp-json\/wp\/v2\/users\/2"}],"replies":[{"embeddable":true,"href":"https:\/\/apub.org.br\/siteantigo\/wp-json\/wp\/v2\/comments?post=20780"}],"version-history":[{"count":0,"href":"https:\/\/apub.org.br\/siteantigo\/wp-json\/wp\/v2\/posts\/20780\/revisions"}],"wp:featuredmedia":[{"embeddable":true,"href":"https:\/\/apub.org.br\/siteantigo\/wp-json\/wp\/v2\/media\/20782"}],"wp:attachment":[{"href":"https:\/\/apub.org.br\/siteantigo\/wp-json\/wp\/v2\/media?parent=20780"}],"wp:term":[{"taxonomy":"category","embeddable":true,"href":"https:\/\/apub.org.br\/siteantigo\/wp-json\/wp\/v2\/categories?post=20780"},{"taxonomy":"post_tag","embeddable":true,"href":"https:\/\/apub.org.br\/siteantigo\/wp-json\/wp\/v2\/tags?post=20780"}],"curies":[{"name":"wp","href":"https:\/\/api.w.org\/{rel}","templated":true}]}}