{"id":20785,"date":"2016-12-22T14:13:14","date_gmt":"2016-12-22T14:13:14","guid":{"rendered":"http:\/\/www.apub.org.br\/?p=20785"},"modified":"2016-12-22T14:16:31","modified_gmt":"2016-12-22T14:16:31","slug":"diretoria-e-conselho-fiscal-tomam-posse-para-o-bienio-20162018","status":"publish","type":"post","link":"https:\/\/apub.org.br\/siteantigo\/diretoria-e-conselho-fiscal-tomam-posse-para-o-bienio-20162018\/","title":{"rendered":"Diretoria e Conselho Fiscal tomam posse para o bi\u00eanio 2016\/2018"},"content":{"rendered":"<p style=\"text-align: justify;\">Tomaram posse ontem (21), a nova Diretoria e Conselho Fiscal da Apub Sindicato para o bi\u00eanio 2016\/2018. A solenidade aconteceu na sede do sindicato e foi conduzida, inicialmente, pela presidente da gest\u00e3o anterior Cl\u00e1udia Miranda. Participaram tamb\u00e9m da mesa a ex-vice presidente Livia Angeli, o reitor da UFBA Jo\u00e3o Salles, o coordenador do DCE\/UFBA Matheus Assis e o coordenador da Assufba Renato Jorge.<\/p>\n<p style=\"text-align: justify;\">Em sua \u00faltima fala como presidente da Apub, Cl\u00e1udia agradeceu a todos os presentes pelo apoio e aos funcion\u00e1rios do sindicato pela dedica\u00e7\u00e3o e trabalho. Ela destacou que sua gest\u00e3o enfrentou enormes desafios e sempre se mostrou engajada nas lutas em defesa dos direitos e da democracia. Tamb\u00e9m lembrou o esfor\u00e7o realizado pela diretoria para se articular com outras entidades e movimentos sociais, citando o exemplo do Comit\u00ea Nacional em Defesa da Educa\u00e7\u00e3o. A abertura ao di\u00e1logo com a administra\u00e7\u00e3o central da UFBA e a aproxima\u00e7\u00e3o com as demais universidades do interior da Bahia foram outros pontos positivos citados. Como desafios para a pr\u00f3xima gest\u00e3o, ela apontou a realiza\u00e7\u00e3o do Congresso Docente e a atualiza\u00e7\u00e3o do estatuto da Apub, projetos iniciados por\u00e9m n\u00e3o conclu\u00eddos. Recomendou a elei\u00e7\u00e3o de um conselho de representantes nas unidades, a intensifica\u00e7\u00e3o da luta dos aposentados e a organiza\u00e7\u00e3o de um Semin\u00e1rio Nacional com todas as entidades ligadas \u00e0 educa\u00e7\u00e3o para discutir os impactos e efeitos da expans\u00e3o universit\u00e1ria.<\/p>\n<p style=\"text-align: justify;\"><img fetchpriority=\"high\" decoding=\"async\" class=\"alignnone wp-image-20787 size-medium\" src=\"http:\/\/www.apub.org.br\/wp-content\/uploads\/2016\/12\/posse2-300x200.jpg\" alt=\"posse2\" width=\"300\" height=\"200\" srcset=\"https:\/\/apub.org.br\/siteantigo\/wp-content\/uploads\/2016\/12\/posse2-300x200.jpg 300w, https:\/\/apub.org.br\/siteantigo\/wp-content\/uploads\/2016\/12\/posse2-768x511.jpg 768w, https:\/\/apub.org.br\/siteantigo\/wp-content\/uploads\/2016\/12\/posse2.jpg 1000w\" sizes=\"(max-width: 300px) 100vw, 300px\" \/>\u00a0<img decoding=\"async\" class=\"alignnone size-medium wp-image-20788\" src=\"http:\/\/www.apub.org.br\/wp-content\/uploads\/2016\/12\/posse3-300x200.jpg\" alt=\"posse3\" width=\"300\" height=\"200\" srcset=\"https:\/\/apub.org.br\/siteantigo\/wp-content\/uploads\/2016\/12\/posse3-300x200.jpg 300w, https:\/\/apub.org.br\/siteantigo\/wp-content\/uploads\/2016\/12\/posse3-768x511.jpg 768w, https:\/\/apub.org.br\/siteantigo\/wp-content\/uploads\/2016\/12\/posse3.jpg 1000w\" sizes=\"(max-width: 300px) 100vw, 300px\" \/><\/p>\n<p style=\"text-align: justify;\">Jo\u00e3o Salles ressaltou a import\u00e2ncia do momento e do di\u00e1logo entre a Apub e administra\u00e7\u00e3o. Lembrou que 2017 ainda traria amea\u00e7as \u00e0 universidade p\u00fablica, desde o or\u00e7amento at\u00e9 a sua autonomia e que era necess\u00e1rio continuar &#8220;nossa resist\u00eancia progressista e democr\u00e1tica&#8221;. Desejou por fim sorte \u00e0 nova diretoria. Matheus Assis e Renato Jorge destacaram a parceria entre a Apub e suas entidades e reafirmaram sua disposi\u00e7\u00e3o em construir a luta em conjunto.\u00a0Livia Angeli falou sobre o aprendizado nos dois anos de intensos trabalhos e afirmou que a gest\u00e3o foi marcada pela toler\u00e2ncia e capacidade de di\u00e1logo com diferentes for\u00e7as pol\u00edticas na universidade. Disse que o principal para o sindicato era manter sua base organizada e mobilizada e colocou-se \u00e0 disposi\u00e7\u00e3o para participar das atividades\u00a0no pr\u00f3ximo ano.<\/p>\n<p style=\"text-align: justify;\">Ap\u00f3s as falas, Cl\u00e1udia Miranda declarou empossados\/as os\/as novos\/as dirigentes. Na aus\u00eancia de presidenta Luciene Fernandes, em viagem ao exterior, o vice-presidente Ricardo Carvalho falou em nome da gest\u00e3o. Ele pontuou os desafios que medidas como a PEC 55 certamente trariam para as universidades e movimentos sindicais e destacou que durante toda a campanha a proposta apresentada aos docentes era fazer a luta privilegiando o debate e o di\u00e1logo. Externou seu reconhecimento ao trabalho da gest\u00e3o anterior e afirmou o intento de atualizar o estatuto da Apub; lembrou tamb\u00e9m dos\/as aposentados, apontando a import\u00e2ncia estrat\u00e9gica do segmento, tanto nas quest\u00f5es espec\u00edficas da universidade quanto para as lutas mais gerais. Por fim, chamou a todos &#8220;para estar conosco na nossa caminhada pelos pr\u00f3ximos dois anos&#8221;.<\/p>\n<p style=\"text-align: justify;\"><img decoding=\"async\" class=\"alignnone size-medium wp-image-20789\" src=\"http:\/\/www.apub.org.br\/wp-content\/uploads\/2016\/12\/posse4-200x300.jpg\" alt=\"posse4\" width=\"200\" height=\"300\" srcset=\"https:\/\/apub.org.br\/siteantigo\/wp-content\/uploads\/2016\/12\/posse4-200x300.jpg 200w, https:\/\/apub.org.br\/siteantigo\/wp-content\/uploads\/2016\/12\/posse4-768x1152.jpg 768w, https:\/\/apub.org.br\/siteantigo\/wp-content\/uploads\/2016\/12\/posse4-683x1024.jpg 683w, https:\/\/apub.org.br\/siteantigo\/wp-content\/uploads\/2016\/12\/posse4.jpg 1000w\" sizes=\"(max-width: 200px) 100vw, 200px\" \/>\u00a0<img loading=\"lazy\" decoding=\"async\" class=\"alignnone size-medium wp-image-20790\" src=\"http:\/\/www.apub.org.br\/wp-content\/uploads\/2016\/12\/posse5-200x300.jpg\" alt=\"posse5\" width=\"200\" height=\"300\" srcset=\"https:\/\/apub.org.br\/siteantigo\/wp-content\/uploads\/2016\/12\/posse5-200x300.jpg 200w, https:\/\/apub.org.br\/siteantigo\/wp-content\/uploads\/2016\/12\/posse5-768x1152.jpg 768w, https:\/\/apub.org.br\/siteantigo\/wp-content\/uploads\/2016\/12\/posse5-683x1024.jpg 683w, https:\/\/apub.org.br\/siteantigo\/wp-content\/uploads\/2016\/12\/posse5.jpg 1000w\" sizes=\"(max-width: 200px) 100vw, 200px\" \/><\/p>\n<p style=\"text-align: justify;\">\n","protected":false},"excerpt":{"rendered":"<p>Tomaram posse ontem (21), a nova Diretoria e Conselho Fiscal da Apub Sindicato para o bi\u00eanio 2016\/2018. A solenidade aconteceu na sede do sindicato e foi conduzida, inicialmente, pela presidente da gest\u00e3o anterior Cl\u00e1udia Miranda. Participaram tamb\u00e9m da mesa a ex-vice presidente Livia Angeli, o reitor da UFBA Jo\u00e3o Salles, o coordenador do DCE\/UFBA Matheus [&hellip;]<\/p>\n","protected":false},"author":2,"featured_media":20786,"comment_status":"closed","ping_status":"closed","sticky":false,"template":"","format":"standard","meta":{"footnotes":""},"categories":[530,146],"tags":[],"class_list":["post-20785","post","type-post","status-publish","format-standard","has-post-thumbnail","hentry","category-destaques-1","category-latest-news"],"_links":{"self":[{"href":"https:\/\/apub.org.br\/siteantigo\/wp-json\/wp\/v2\/posts\/20785","targetHints":{"allow":["GET"]}}],"collection":[{"href":"https:\/\/apub.org.br\/siteantigo\/wp-json\/wp\/v2\/posts"}],"about":[{"href":"https:\/\/apub.org.br\/siteantigo\/wp-json\/wp\/v2\/types\/post"}],"author":[{"embeddable":true,"href":"https:\/\/apub.org.br\/siteantigo\/wp-json\/wp\/v2\/users\/2"}],"replies":[{"embeddable":true,"href":"https:\/\/apub.org.br\/siteantigo\/wp-json\/wp\/v2\/comments?post=20785"}],"version-history":[{"count":0,"href":"https:\/\/apub.org.br\/siteantigo\/wp-json\/wp\/v2\/posts\/20785\/revisions"}],"wp:featuredmedia":[{"embeddable":true,"href":"https:\/\/apub.org.br\/siteantigo\/wp-json\/wp\/v2\/media\/20786"}],"wp:attachment":[{"href":"https:\/\/apub.org.br\/siteantigo\/wp-json\/wp\/v2\/media?parent=20785"}],"wp:term":[{"taxonomy":"category","embeddable":true,"href":"https:\/\/apub.org.br\/siteantigo\/wp-json\/wp\/v2\/categories?post=20785"},{"taxonomy":"post_tag","embeddable":true,"href":"https:\/\/apub.org.br\/siteantigo\/wp-json\/wp\/v2\/tags?post=20785"}],"curies":[{"name":"wp","href":"https:\/\/api.w.org\/{rel}","templated":true}]}}