{"id":21624,"date":"2017-05-12T21:04:39","date_gmt":"2017-05-12T21:04:39","guid":{"rendered":"http:\/\/www.apub.org.br\/?p=21624"},"modified":"2017-05-16T12:20:17","modified_gmt":"2017-05-16T12:20:17","slug":"apub-debate-impactos-da-reforma-trabalhista-na-universidade","status":"publish","type":"post","link":"https:\/\/apub.org.br\/siteantigo\/apub-debate-impactos-da-reforma-trabalhista-na-universidade\/","title":{"rendered":"Apub debate impactos da Reforma Trabalhista na Universidade"},"content":{"rendered":"<p style=\"text-align: justify;\">A Apub Sindicato promove o debate \u201cReforma Trabalhista e Universidade\u201d, na pr\u00f3xima quinta-feira, 18 de maio, \u00e0s 16h, no audit\u00f3rio da Faculdade de Comunica\u00e7\u00e3o da UFBA, em Ondina. O evento pretende discutir os poss\u00edveis impactos da Reforma em tramita\u00e7\u00e3o no Congresso e da Terceiriza\u00e7\u00e3o irrestrita no contexto da Universidade P\u00fablica. Os palestrantes convidados s\u00e3o o professor da Faculdade de Direito da UFBA, Carlos Eduardo Freitas, advogado e militante com\u00a0importante trajet\u00f3ria profissional nas \u00e1reas de Direito do Trabalho, Sindical, Previdenci\u00e1rio e de Servidor P\u00fablico, atuando em temas como precariza\u00e7\u00e3o nas rela\u00e7\u00f5es de trabalho, direitos trabalhistas e previdenci\u00e1rios, trabalho docente, sindicalismo e sa\u00fade do trabalhador; e Ana Georgina Dias, economista e supervisora t\u00e9cnica do Departamento Intersindical de Estat\u00edsticas e Estudos Socioecon\u00f4micos (DIEESE), institui\u00e7\u00e3o criada pelo movimento sindical que tem o objetivo de\u00a0desenvolver pesquisas que subsidiem\u00a0as demandas dos trabalhadores, principalmente na luta pelos direitos.<\/p>\n<p style=\"text-align: justify;\">Os danos que podem ser causados pela libera\u00e7\u00e3o da terceiriza\u00e7\u00e3o das atividades-fim inclusive na administra\u00e7\u00e3o p\u00fablica e da iminente aprova\u00e7\u00e3o da reforma trabalhista talvez n\u00e3o sejam ainda totalmente mensurados. Flexibiliza\u00e7\u00e3o das leis trabalhistas, precariza\u00e7\u00e3o das rela\u00e7\u00f5es de trabalho, desestrutura\u00e7\u00e3o dos sindicatos, desmonte da categoria dos servidores p\u00fablicos e do pr\u00f3prio servi\u00e7o p\u00fablico s\u00e3o alguns dos impactos. Nesse contexto, a qualidade e a pr\u00f3pria continuidade da Universidade p\u00fablica, que j\u00e1 vem sofrendo com cortes nos investimentos para Educa\u00e7\u00e3o, est\u00e3o verdadeiramente amea\u00e7adas.<\/p>\n<p>&nbsp;<\/p>\n<p><strong>SERVI\u00c7O<\/strong><\/p>\n<p><strong>O QU\u00ca:\u00a0<\/strong>APUB debate Reforma Trabalhista e Universidade<\/p>\n<p><strong>QUANDO:\u00a0<\/strong>18 de maio, quinta-feira<\/p>\n<p><strong>HOR\u00c1RIO:<\/strong>\u00a016h<\/p>\n<p><strong>ONDE<\/strong>: Audit\u00f3rio da Faculdade de Comunica\u00e7\u00e3o da UFBA, em Ondina<\/p>\n","protected":false},"excerpt":{"rendered":"<p>A Apub Sindicato promove o debate \u201cReforma Trabalhista e Universidade\u201d, na pr\u00f3xima quinta-feira, 18 de maio, \u00e0s 16h, no audit\u00f3rio da Faculdade de Comunica\u00e7\u00e3o da UFBA, em Ondina. O evento pretende discutir os poss\u00edveis impactos da Reforma em tramita\u00e7\u00e3o no Congresso e da Terceiriza\u00e7\u00e3o irrestrita no contexto da Universidade P\u00fablica. Os palestrantes convidados s\u00e3o o [&hellip;]<\/p>\n","protected":false},"author":2,"featured_media":21633,"comment_status":"closed","ping_status":"closed","sticky":false,"template":"","format":"standard","meta":{"footnotes":""},"categories":[530,139,144,146],"tags":[],"class_list":["post-21624","post","type-post","status-publish","format-standard","has-post-thumbnail","hentry","category-destaques-1","category-educacao","category-ufba-latest-news","category-latest-news"],"_links":{"self":[{"href":"https:\/\/apub.org.br\/siteantigo\/wp-json\/wp\/v2\/posts\/21624","targetHints":{"allow":["GET"]}}],"collection":[{"href":"https:\/\/apub.org.br\/siteantigo\/wp-json\/wp\/v2\/posts"}],"about":[{"href":"https:\/\/apub.org.br\/siteantigo\/wp-json\/wp\/v2\/types\/post"}],"author":[{"embeddable":true,"href":"https:\/\/apub.org.br\/siteantigo\/wp-json\/wp\/v2\/users\/2"}],"replies":[{"embeddable":true,"href":"https:\/\/apub.org.br\/siteantigo\/wp-json\/wp\/v2\/comments?post=21624"}],"version-history":[{"count":0,"href":"https:\/\/apub.org.br\/siteantigo\/wp-json\/wp\/v2\/posts\/21624\/revisions"}],"wp:featuredmedia":[{"embeddable":true,"href":"https:\/\/apub.org.br\/siteantigo\/wp-json\/wp\/v2\/media\/21633"}],"wp:attachment":[{"href":"https:\/\/apub.org.br\/siteantigo\/wp-json\/wp\/v2\/media?parent=21624"}],"wp:term":[{"taxonomy":"category","embeddable":true,"href":"https:\/\/apub.org.br\/siteantigo\/wp-json\/wp\/v2\/categories?post=21624"},{"taxonomy":"post_tag","embeddable":true,"href":"https:\/\/apub.org.br\/siteantigo\/wp-json\/wp\/v2\/tags?post=21624"}],"curies":[{"name":"wp","href":"https:\/\/api.w.org\/{rel}","templated":true}]}}