{"id":21634,"date":"2017-05-15T20:58:10","date_gmt":"2017-05-15T20:58:10","guid":{"rendered":"http:\/\/www.apub.org.br\/?p=21634"},"modified":"2017-05-15T20:58:30","modified_gmt":"2017-05-15T20:58:30","slug":"apub-convoca-assembleias-para-dia-22-de-maio","status":"publish","type":"post","link":"https:\/\/apub.org.br\/siteantigo\/apub-convoca-assembleias-para-dia-22-de-maio\/","title":{"rendered":"Apub convoca Assembleias para dia 22 de maio"},"content":{"rendered":"<p style=\"text-align: justify;\">A Apub convoca professores e professoras para duas Assembleias Gerais que acontecer\u00e3o na pr\u00f3xima segunda-feira, 22 de maio.<\/p>\n<p style=\"text-align: justify;\">A primeira, \u00e0s 15h, tem pauta exclusiva para eleger os\/as delegados\/as da Apub que participar\u00e3o da 11\u00aa Plen\u00e1ria Extraordin\u00e1ria da CUT-BA, nos dias 07 e 08 de julho, e da 15\u00aa Plen\u00e1ria Estatut\u00e1ria\/Congresso Nacional Extraordin\u00e1rio e Exclusivo da CUT, entre 28 de 31 de agosto.<\/p>\n<p style=\"text-align: justify;\">Na segunda Assembleia, \u00e0s 16h, ser\u00e3o discutidas as plataformas dos\/as candidatos\/as a delegados\/as da Apub no XIII Encontro Nacional do PROIFES-Federa\u00e7\u00e3o, que acontece entre 26 e 29 de julho. A elei\u00e7\u00e3o dos\/as delegados\/as ser\u00e1 por vota\u00e7\u00e3o eletr\u00f4nica, no per\u00edodo de 05 a 15 de junho; a Assembleia ser\u00e1 um momento de\u00a0debate qualificado para esclarecer a base antes da vota\u00e7\u00e3o. Tamb\u00e9m est\u00e1 na pauta a discuss\u00e3o da Agenda de Lutas do sindicato.<\/p>\n","protected":false},"excerpt":{"rendered":"<p>A Apub convoca professores e professoras para duas Assembleias Gerais que acontecer\u00e3o na pr\u00f3xima segunda-feira, 22 de maio. A primeira, \u00e0s 15h, tem pauta exclusiva para eleger os\/as delegados\/as da Apub que participar\u00e3o da 11\u00aa Plen\u00e1ria Extraordin\u00e1ria da CUT-BA, nos dias 07 e 08 de julho, e da 15\u00aa Plen\u00e1ria Estatut\u00e1ria\/Congresso Nacional Extraordin\u00e1rio e Exclusivo [&hellip;]<\/p>\n","protected":false},"author":2,"featured_media":21635,"comment_status":"closed","ping_status":"closed","sticky":false,"template":"","format":"standard","meta":{"footnotes":""},"categories":[530,146],"tags":[],"class_list":["post-21634","post","type-post","status-publish","format-standard","has-post-thumbnail","hentry","category-destaques-1","category-latest-news"],"_links":{"self":[{"href":"https:\/\/apub.org.br\/siteantigo\/wp-json\/wp\/v2\/posts\/21634","targetHints":{"allow":["GET"]}}],"collection":[{"href":"https:\/\/apub.org.br\/siteantigo\/wp-json\/wp\/v2\/posts"}],"about":[{"href":"https:\/\/apub.org.br\/siteantigo\/wp-json\/wp\/v2\/types\/post"}],"author":[{"embeddable":true,"href":"https:\/\/apub.org.br\/siteantigo\/wp-json\/wp\/v2\/users\/2"}],"replies":[{"embeddable":true,"href":"https:\/\/apub.org.br\/siteantigo\/wp-json\/wp\/v2\/comments?post=21634"}],"version-history":[{"count":0,"href":"https:\/\/apub.org.br\/siteantigo\/wp-json\/wp\/v2\/posts\/21634\/revisions"}],"wp:featuredmedia":[{"embeddable":true,"href":"https:\/\/apub.org.br\/siteantigo\/wp-json\/wp\/v2\/media\/21635"}],"wp:attachment":[{"href":"https:\/\/apub.org.br\/siteantigo\/wp-json\/wp\/v2\/media?parent=21634"}],"wp:term":[{"taxonomy":"category","embeddable":true,"href":"https:\/\/apub.org.br\/siteantigo\/wp-json\/wp\/v2\/categories?post=21634"},{"taxonomy":"post_tag","embeddable":true,"href":"https:\/\/apub.org.br\/siteantigo\/wp-json\/wp\/v2\/tags?post=21634"}],"curies":[{"name":"wp","href":"https:\/\/api.w.org\/{rel}","templated":true}]}}