{"id":22740,"date":"2017-10-25T19:51:57","date_gmt":"2017-10-25T19:51:57","guid":{"rendered":"http:\/\/www.apub.org.br\/?p=22740"},"modified":"2017-10-25T19:51:57","modified_gmt":"2017-10-25T19:51:57","slug":"em-sao-paulo-servidores-e-servidoras-do-setor-publico-e-de-estatais-unificam-calendario-de-lutas","status":"publish","type":"post","link":"https:\/\/apub.org.br\/siteantigo\/em-sao-paulo-servidores-e-servidoras-do-setor-publico-e-de-estatais-unificam-calendario-de-lutas\/","title":{"rendered":"Em S\u00e3o Paulo, servidores e servidoras do setor p\u00fablico e de estatais unificam calend\u00e1rio de lutas"},"content":{"rendered":"<p style=\"text-align: justify;\">Aconteceu nos dias 19 e 20 de outubro, na sede do Sindicato dos Professores do Ensino Oficial do Estado de S\u00e3o Paulo \u2013 APEOESP a Plen\u00e1ria Nacional do Setor P\u00fablico e das Estatais da Central \u00danica dos Trabalhadores (CUT). Foram convocadas entidades do Setor P\u00fablico e Estatais dos tr\u00eas n\u00edveis de governo: federal, estadual e municipal, com o objetivo de debater a conjuntura e os seus impactos tanto no setor p\u00fablico quanto nas estatais, focando na Emenda Constitucional n<sup>o<\/sup>\u00a095 do Teto dos Gastos, na Privatiza\u00e7\u00e3o e na Lei 13.467\/17 da Contrarreforma Trabalhista, visando a Unifica\u00e7\u00e3o das Lutas das diversas categorias.<\/p>\n<p style=\"text-align: justify;\">Pelo SINDIEDUTEC-Sindicato participaram o tesoureiro Nilton Brand\u00e3o e o Diretor da Carreira T\u00e9cnico administrativa Cezar Fonseca. Estiveram presentes tamb\u00e9m dirigentes de outras entidades filiadas ao PROIFES-Federa\u00e7\u00e3o: ADUFRGS-Sinidical (RS), ADUFSCar-Sindicato (SP), APUB-Sindicato (BA) e ADUFG-Sindicato (GO).<\/p>\n<p style=\"text-align: justify;\">No dia 19 aconteceram tr\u00eas mesas de trabalho. A primeira, com o tema Emenda Constitucional (EC) n\u00ba 95 do Teto de gastos, apresentada pelo t\u00e9cnico do DIEESE Alexandre Sampaio Ferraz que mostro que a medida congela por 20 anos os investimentos sociais, significando fim do Estado Social Brasileiro, com impactos diretos nas pol\u00edticas sociais, nos servi\u00e7os p\u00fablicos, no desenvolvimento do pa\u00eds e nos servidores\/as p\u00fablicos. O palestrante mostrou ainda que apesar do crescimento do n\u00famero de servidores p\u00fablicos (Uni\u00e3o), a rela\u00e7\u00e3o custo do funcionalismo x PIB n\u00e3o \u00e9 o respons\u00e1vel pela crise atual.<\/p>\n<p style=\"text-align: justify;\"><a href=\"http:\/\/www.apub.org.br\/wp-content\/uploads\/2017\/10\/Grafico_1.png\"><img fetchpriority=\"high\" decoding=\"async\" class=\"alignnone size-full wp-image-22742\" src=\"http:\/\/www.apub.org.br\/wp-content\/uploads\/2017\/10\/Grafico_1.png\" alt=\"Grafico_1\" width=\"656\" height=\"492\" srcset=\"https:\/\/apub.org.br\/siteantigo\/wp-content\/uploads\/2017\/10\/Grafico_1.png 656w, https:\/\/apub.org.br\/siteantigo\/wp-content\/uploads\/2017\/10\/Grafico_1-300x225.png 300w\" sizes=\"(max-width: 656px) 100vw, 656px\" \/><\/a><\/p>\n<p style=\"text-align: justify;\"><a href=\"http:\/\/www.apub.org.br\/wp-content\/uploads\/2017\/10\/Grafico_2.jpg\"><img decoding=\"async\" class=\"alignnone size-full wp-image-22743\" src=\"http:\/\/www.apub.org.br\/wp-content\/uploads\/2017\/10\/Grafico_2.jpg\" alt=\"Grafico_2\" width=\"654\" height=\"493\" srcset=\"https:\/\/apub.org.br\/siteantigo\/wp-content\/uploads\/2017\/10\/Grafico_2.jpg 654w, https:\/\/apub.org.br\/siteantigo\/wp-content\/uploads\/2017\/10\/Grafico_2-300x226.jpg 300w\" sizes=\"(max-width: 654px) 100vw, 654px\" \/><\/a><\/p>\n<p style=\"text-align: justify;\">Na segunda mesa de debates, presidida pelo soci\u00f3logo e cientista pol\u00edtico Emir Sader, discutiu o retorno da pol\u00edtica de privatiza\u00e7\u00e3o de forma muito mais agressiva do que na d\u00e9cada de 90, colocando em risco a soberania nacional e impactando diretamente nas pol\u00edticas sociais, nos servi\u00e7os p\u00fablicos, no desenvolvimento do pa\u00eds e nos servidores\/as p\u00fablicos nos tr\u00eas n\u00edveis de poder.<\/p>\n<p style=\"text-align: justify;\">Finalmente a terceira mesa teve como tema a Lei 13.467\/27 da Contrareforma Trabalhista e a terceiriza\u00e7\u00e3o. Apresentada pelo advogado Nilo Beiro, da assessoria jur\u00eddica da CUT Nacional, a an\u00e1lise deixa claro que as medidas imp\u00f5em um novo paradigma nas rela\u00e7\u00f5es de trabalho no Brasil, representando o fim da CLT, vigente desde 1943, e a volta do trabalho desprotegido socialmente e prec\u00e1rio.<\/p>\n<p style=\"text-align: justify;\">No s\u00e1bado pela manh\u00e3 foi realizada a Plen\u00e1ria para encaminhamentos. O debate girou em torno da constru\u00e7\u00e3o de uma campanha unificada das categorais do setor p\u00fablico e das estatais, afetadas pela EC 95, a Contrarreforma Trabalhista, a Terceiriza\u00e7\u00e3o e a Privatiza\u00e7\u00e3o. Al\u00e9m disso, a elabora\u00e7\u00e3o de uma estrat\u00e9gia unificada das categorias do setor p\u00fablico e das estatais para combater estas medidas com defini\u00e7\u00e3o de a\u00e7\u00f5es unit\u00e1rias. Foi aprovada a elabora\u00e7\u00e3o de material unificado de campanha para defesa do servi\u00e7o p\u00fablico al\u00e9m do seguinte calend\u00e1rio de lutas:<\/p>\n<p><b>CALEND\u00c1RIO DE LUTAS<\/b><\/p>\n<p><b>Dia 25 de outubro \u2013\u00a0<\/b>Ato em Bras\u00edlia no dia da vota\u00e7\u00e3o no plen\u00e1rio da C\u00e2mara dos Deputados da aprova\u00e7\u00e3o da continuidade da den\u00fancia contra o presidente ileg\u00edtimo Michel Temer por obstru\u00e7\u00e3o da justi\u00e7a e organiza\u00e7\u00e3o criminosa.<\/p>\n<p><b>At\u00e9 dia 27 de outubro<\/b>: potencializar a coleta de assinaturas a favor do PLIP (projeto de lei de Iniciativa popular para anular a antirreforma trabalhista)<\/p>\n<p><b>Dia 27 de outubro<\/b>: Dia Nacional de Coleta de assinaturas a favor do PLIP<\/p>\n<p><b>Dia 08 de novembro<\/b>: entrega e apura\u00e7\u00e3o das assinaturas colhidas a favor do PLIP<\/p>\n<p><b>Dia 10 de novembro<\/b>: Dia Nacional de Paralisa\u00e7\u00e3o contra as antirreformas do governo golpista<\/p>\n<p><b>Dia 27 de outubro<\/b>: Dia Nacional de Coleta de assinaturas a favor do PLIP<\/p>\n<p><b>Dia 08 de novembro<\/b>: entrega e apura\u00e7\u00e3o das assinaturas colhidas a favor do PLIP<\/p>\n<p><b>Dia 10 de novembro<\/b>: Dia Nacional de Paralisa\u00e7\u00e3o contra as antirreformas do governo golpista<\/p>\n<div class=\"clearfix\"><\/div>\n<div class=\"clearfix\"><em>Fonte: PROIFES-Federa\u00e7\u00e3o<\/em><\/div>\n<footer class=\"pagina-rodape\">\n<div class=\"addthis pull-left\"><\/div>\n<\/footer>\n","protected":false},"excerpt":{"rendered":"<p>Aconteceu nos dias 19 e 20 de outubro, na sede do Sindicato dos Professores do Ensino Oficial do Estado de S\u00e3o Paulo \u2013 APEOESP a Plen\u00e1ria Nacional do Setor P\u00fablico e das Estatais da Central \u00danica dos Trabalhadores (CUT). Foram convocadas entidades do Setor P\u00fablico e Estatais dos tr\u00eas n\u00edveis de governo: federal, estadual e [&hellip;]<\/p>\n","protected":false},"author":2,"featured_media":22741,"comment_status":"closed","ping_status":"closed","sticky":false,"template":"","format":"standard","meta":{"footnotes":""},"categories":[142,146],"tags":[],"class_list":["post-22740","post","type-post","status-publish","format-standard","has-post-thumbnail","hentry","category-proifes-2","category-latest-news"],"_links":{"self":[{"href":"https:\/\/apub.org.br\/siteantigo\/wp-json\/wp\/v2\/posts\/22740","targetHints":{"allow":["GET"]}}],"collection":[{"href":"https:\/\/apub.org.br\/siteantigo\/wp-json\/wp\/v2\/posts"}],"about":[{"href":"https:\/\/apub.org.br\/siteantigo\/wp-json\/wp\/v2\/types\/post"}],"author":[{"embeddable":true,"href":"https:\/\/apub.org.br\/siteantigo\/wp-json\/wp\/v2\/users\/2"}],"replies":[{"embeddable":true,"href":"https:\/\/apub.org.br\/siteantigo\/wp-json\/wp\/v2\/comments?post=22740"}],"version-history":[{"count":0,"href":"https:\/\/apub.org.br\/siteantigo\/wp-json\/wp\/v2\/posts\/22740\/revisions"}],"wp:featuredmedia":[{"embeddable":true,"href":"https:\/\/apub.org.br\/siteantigo\/wp-json\/wp\/v2\/media\/22741"}],"wp:attachment":[{"href":"https:\/\/apub.org.br\/siteantigo\/wp-json\/wp\/v2\/media?parent=22740"}],"wp:term":[{"taxonomy":"category","embeddable":true,"href":"https:\/\/apub.org.br\/siteantigo\/wp-json\/wp\/v2\/categories?post=22740"},{"taxonomy":"post_tag","embeddable":true,"href":"https:\/\/apub.org.br\/siteantigo\/wp-json\/wp\/v2\/tags?post=22740"}],"curies":[{"name":"wp","href":"https:\/\/api.w.org\/{rel}","templated":true}]}}