{"id":25865,"date":"2018-11-14T12:51:27","date_gmt":"2018-11-14T12:51:27","guid":{"rendered":"http:\/\/www.apub.org.br\/?p=25865"},"modified":"2018-11-14T13:24:05","modified_gmt":"2018-11-14T13:24:05","slug":"procuradoria-federal-promove-acao-nacional-para-garantir-liberdade-de-ensinar-e-aprender","status":"publish","type":"post","link":"https:\/\/apub.org.br\/siteantigo\/procuradoria-federal-promove-acao-nacional-para-garantir-liberdade-de-ensinar-e-aprender\/","title":{"rendered":"Procuradoria Federal promove a\u00e7\u00e3o nacional para garantir liberdade de ensinar e aprender"},"content":{"rendered":"\n<p><em>A\u00e7\u00e3o coordenada dos minist\u00e9rios p\u00fablicos recomenda \u00e0s institui\u00e7\u00f5es p\u00fablicas de educa\u00e7\u00e3o b\u00e1sica e superior que garantam livre manifesta\u00e7\u00e3o do pensamento e o pluralismo de ideias e concep\u00e7\u00f5es pedag\u00f3gicas com apre\u00e7o \u00e0 toler\u00e2ncia.<\/em><\/p>\n\n\n\n<p>A Procuradoria Federal dos Direitos do Cidad\u00e3o (PFDC) recomendou que institui\u00e7\u00f5es p\u00fablicas de educa\u00e7\u00e3o b\u00e1sica e superior garantam a liberdade de aprender, ensinar, pesquisar e divulgar a cultura, o pensamento, a arte e o saber. Por meio de uma a\u00e7\u00e3o coordenada nacionalmente, a PFDC solicitou aos minist\u00e9rios p\u00fablicos dos estados que apurem as medidas adotadas por essas institui\u00e7\u00f5es para garantir \u201ca livre manifesta\u00e7\u00e3o do pensamento e o pluralismo de ideias e concep\u00e7\u00f5es pedag\u00f3gicas com apre\u00e7o \u00e0 toler\u00e2ncia\u201d.<\/p>\n\n\n\n<p>O Minist\u00e9rio P\u00fablico Federal no Rio Grande do Sul, por meio da Procuradoria Regional dos Direitos do Cidad\u00e3o est\u00e1 articulando a a\u00e7\u00e3o entre as outras 19 procuradorias da Rep\u00fablica no estado e vai comunicar as institui\u00e7\u00f5es localizadas na regi\u00e3o de Porto Alegre. A Universidade Federal do Rio Grande do Sul (UFRGS), a Universidade Federal de Ci\u00eancias da Sa\u00fade de Porto Alegre (UFCSPA), o Instituto Federal de Educa\u00e7\u00e3o, Ci\u00eancia e Tecnologia do Rio Grande do Sul (IFRS), o Col\u00e9gio de Aplica\u00e7\u00e3o e o Col\u00e9gio Militar de Porto Alegre j\u00e1 receberam a recomenda\u00e7\u00e3o e t\u00eam 20 dias para se manifestarem.\u00a0<\/p>\n\n\n\n<p>\u201cA a\u00e7\u00e3o coordenada visa garantir a liberdade de c\u00e1tedra e a liberdade de express\u00e3o. \u00c9 uma medida preventiva e de instru\u00e7\u00e3o \u00e0s institui\u00e7\u00f5es, mas tamb\u00e9m de resguardo para amparar os reitores e diretores,\u201d explicou o Procurador, Regional dos Direitos do Cidad\u00e3o, Enrico Rodrigues de Freitas.<\/p>\n\n\n\n<p>Nos documentos, o Procurador recomenda que as institui\u00e7\u00f5es adotem medidas para que n\u00e3o haja qualquer forma de ass\u00e9dio moral aos professores por parte de servidores, docentes, estudantes, familiares ou respons\u00e1veis.&nbsp;<\/p>\n\n\n\n<p>A procuradoria cita a Constitui\u00e7\u00e3o Federal, a Lei de Diretrizes e Bases da Educa\u00e7\u00e3o Nacional (LDB), o Plano Nacional da Educa\u00e7\u00e3o (PNE) para embasar as recomenda\u00e7\u00f5es. Afirma que a Constitui\u00e7\u00e3o prev\u00ea como objetivo fundamental \u201ca constru\u00e7\u00e3o de uma sociedade livre, justa, solid\u00e1ria e a promo\u00e7\u00e3o do bem de todos, sem preconceitos de origem, ra\u00e7a, sexo, cor, idade e quaisquer outras formas de discrimina\u00e7\u00e3o&#8221;. O documento argumenta ainda que a Educa\u00e7\u00e3o \u201cvisa ao pleno desenvolvimento da pessoa e seu preparo para o exerc\u00edcio da cidadania \u2013 e n\u00e3o apenas sua qualifica\u00e7\u00e3o para o trabalho\u201d.<\/p>\n\n\n\n<p>A diretoria da ADUFRGS-Sindical, sindicato dos professores das institui\u00e7\u00f5es federais de educa\u00e7\u00e3o superior, declarou que \u201cas recomenda\u00e7\u00f5es s\u00e3o uma garantia para a liberdade de c\u00e1tedra e autonomia dos docentes\u201d. O sindicato tem recebido relatos de docentes sobre intimida\u00e7\u00e3o e agress\u00f5es, como filmagens das aulas. Por isso, tamb\u00e9m est\u00e1 ajudando a criar a rede de acolhimento e defensoria jur\u00eddica para professores e alunos.<\/p>\n\n\n\n<p>Confira a&nbsp;<a href=\"http:\/\/www.portaladverso.com.br\/arquivos_pdf\/recomendacao_37_2018.pdf\">recomenda\u00e7\u00e3o<\/a>&nbsp;enviada \u00e0 UFRGS.<\/p>\n\n\n\n<p><em>Texto: Manoela Frade \/ Ascom ADUFRGS-Sindical<\/em><\/p>\n\n\n\n<p><em>Foto: Ramon Poser\/Arquivo UFRGS<\/em><\/p>\n","protected":false},"excerpt":{"rendered":"<p>A\u00e7\u00e3o coordenada dos minist\u00e9rios p\u00fablicos recomenda \u00e0s institui\u00e7\u00f5es p\u00fablicas de educa\u00e7\u00e3o b\u00e1sica e superior que garantam livre manifesta\u00e7\u00e3o do pensamento e o pluralismo de ideias e concep\u00e7\u00f5es pedag\u00f3gicas com apre\u00e7o \u00e0 toler\u00e2ncia. A Procuradoria Federal dos Direitos do Cidad\u00e3o (PFDC) recomendou que institui\u00e7\u00f5es p\u00fablicas de educa\u00e7\u00e3o b\u00e1sica e superior garantam a liberdade de aprender, ensinar, [&hellip;]<\/p>\n","protected":false},"author":2,"featured_media":25866,"comment_status":"closed","ping_status":"closed","sticky":false,"template":"","format":"standard","meta":{"footnotes":""},"categories":[530,146],"tags":[],"class_list":["post-25865","post","type-post","status-publish","format-standard","has-post-thumbnail","hentry","category-destaques-1","category-latest-news"],"_links":{"self":[{"href":"https:\/\/apub.org.br\/siteantigo\/wp-json\/wp\/v2\/posts\/25865","targetHints":{"allow":["GET"]}}],"collection":[{"href":"https:\/\/apub.org.br\/siteantigo\/wp-json\/wp\/v2\/posts"}],"about":[{"href":"https:\/\/apub.org.br\/siteantigo\/wp-json\/wp\/v2\/types\/post"}],"author":[{"embeddable":true,"href":"https:\/\/apub.org.br\/siteantigo\/wp-json\/wp\/v2\/users\/2"}],"replies":[{"embeddable":true,"href":"https:\/\/apub.org.br\/siteantigo\/wp-json\/wp\/v2\/comments?post=25865"}],"version-history":[{"count":0,"href":"https:\/\/apub.org.br\/siteantigo\/wp-json\/wp\/v2\/posts\/25865\/revisions"}],"wp:featuredmedia":[{"embeddable":true,"href":"https:\/\/apub.org.br\/siteantigo\/wp-json\/wp\/v2\/media\/25866"}],"wp:attachment":[{"href":"https:\/\/apub.org.br\/siteantigo\/wp-json\/wp\/v2\/media?parent=25865"}],"wp:term":[{"taxonomy":"category","embeddable":true,"href":"https:\/\/apub.org.br\/siteantigo\/wp-json\/wp\/v2\/categories?post=25865"},{"taxonomy":"post_tag","embeddable":true,"href":"https:\/\/apub.org.br\/siteantigo\/wp-json\/wp\/v2\/tags?post=25865"}],"curies":[{"name":"wp","href":"https:\/\/api.w.org\/{rel}","templated":true}]}}