{"id":25919,"date":"2018-11-22T13:22:15","date_gmt":"2018-11-22T13:22:15","guid":{"rendered":"http:\/\/www.apub.org.br\/?p=25919"},"modified":"2018-11-22T13:53:18","modified_gmt":"2018-11-22T13:53:18","slug":"manifesto-proifes-federacao-em-defesa-da-previdencia","status":"publish","type":"post","link":"https:\/\/apub.org.br\/siteantigo\/manifesto-proifes-federacao-em-defesa-da-previdencia\/","title":{"rendered":"Manifesto PROIFES-Federa\u00e7\u00e3o em defesa da Previd\u00eancia"},"content":{"rendered":"\n<p>O PROIFES-Federa\u00e7\u00e3o convoca os\/as docentes para se somarem \u00e0s mobiliza\u00e7\u00f5es convocadas pelas centrais sindicais contra Reforma da Previd\u00eancia e em defesa da aposentadoria.\u00a0<\/p>\n\n\n\n<figure class=\"wp-block-image\"><img fetchpriority=\"high\" decoding=\"async\" width=\"724\" height=\"1024\" src=\"http:\/\/www.apub.org.br\/wp-content\/uploads\/2018\/11\/Manifesto_PROIFES_1-1.jpg\" alt=\"\" class=\"wp-image-25926\" srcset=\"https:\/\/apub.org.br\/siteantigo\/wp-content\/uploads\/2018\/11\/Manifesto_PROIFES_1-1.jpg 724w, https:\/\/apub.org.br\/siteantigo\/wp-content\/uploads\/2018\/11\/Manifesto_PROIFES_1-1-212x300.jpg 212w\" sizes=\"(max-width: 724px) 100vw, 724px\" \/><\/figure>\n\n\n\n<figure class=\"wp-block-image\"><img decoding=\"async\" width=\"724\" height=\"1024\" src=\"http:\/\/www.apub.org.br\/wp-content\/uploads\/2018\/11\/Manifesto_PROIFES_2-1.jpg\" alt=\"\" class=\"wp-image-25922\" srcset=\"https:\/\/apub.org.br\/siteantigo\/wp-content\/uploads\/2018\/11\/Manifesto_PROIFES_2-1.jpg 724w, https:\/\/apub.org.br\/siteantigo\/wp-content\/uploads\/2018\/11\/Manifesto_PROIFES_2-1-212x300.jpg 212w\" sizes=\"(max-width: 724px) 100vw, 724px\" \/><\/figure>\n","protected":false},"excerpt":{"rendered":"<p>O PROIFES-Federa\u00e7\u00e3o convoca os\/as docentes para se somarem \u00e0s mobiliza\u00e7\u00f5es convocadas pelas centrais sindicais contra Reforma da Previd\u00eancia e em defesa da aposentadoria.\u00a0<\/p>\n","protected":false},"author":2,"featured_media":24797,"comment_status":"closed","ping_status":"closed","sticky":false,"template":"","format":"standard","meta":{"footnotes":""},"categories":[530,146],"tags":[],"class_list":["post-25919","post","type-post","status-publish","format-standard","has-post-thumbnail","hentry","category-destaques-1","category-latest-news"],"_links":{"self":[{"href":"https:\/\/apub.org.br\/siteantigo\/wp-json\/wp\/v2\/posts\/25919","targetHints":{"allow":["GET"]}}],"collection":[{"href":"https:\/\/apub.org.br\/siteantigo\/wp-json\/wp\/v2\/posts"}],"about":[{"href":"https:\/\/apub.org.br\/siteantigo\/wp-json\/wp\/v2\/types\/post"}],"author":[{"embeddable":true,"href":"https:\/\/apub.org.br\/siteantigo\/wp-json\/wp\/v2\/users\/2"}],"replies":[{"embeddable":true,"href":"https:\/\/apub.org.br\/siteantigo\/wp-json\/wp\/v2\/comments?post=25919"}],"version-history":[{"count":0,"href":"https:\/\/apub.org.br\/siteantigo\/wp-json\/wp\/v2\/posts\/25919\/revisions"}],"wp:featuredmedia":[{"embeddable":true,"href":"https:\/\/apub.org.br\/siteantigo\/wp-json\/wp\/v2\/media\/24797"}],"wp:attachment":[{"href":"https:\/\/apub.org.br\/siteantigo\/wp-json\/wp\/v2\/media?parent=25919"}],"wp:term":[{"taxonomy":"category","embeddable":true,"href":"https:\/\/apub.org.br\/siteantigo\/wp-json\/wp\/v2\/categories?post=25919"},{"taxonomy":"post_tag","embeddable":true,"href":"https:\/\/apub.org.br\/siteantigo\/wp-json\/wp\/v2\/tags?post=25919"}],"curies":[{"name":"wp","href":"https:\/\/api.w.org\/{rel}","templated":true}]}}