{"id":25934,"date":"2018-11-23T13:20:57","date_gmt":"2018-11-23T13:20:57","guid":{"rendered":"http:\/\/www.apub.org.br\/?p=25934"},"modified":"2018-11-23T13:20:59","modified_gmt":"2018-11-23T13:20:59","slug":"em-fortaleza-proifes-debate-reforma-da-previdencia-e-assuntos-de-aposentadoria-em-encontro-nacional","status":"publish","type":"post","link":"https:\/\/apub.org.br\/siteantigo\/em-fortaleza-proifes-debate-reforma-da-previdencia-e-assuntos-de-aposentadoria-em-encontro-nacional\/","title":{"rendered":"Em Fortaleza, PROIFES debate reforma da Previd\u00eancia e Assuntos de Aposentadoria em Encontro Nacional"},"content":{"rendered":"\n<p>O PROIFES-Federa\u00e7\u00e3o iniciou nesta quinta-feira, 22, em Fortaleza, o seu 4\u00ba Encontro Nacional de Assuntos de Aposentadoria. Professores de institui\u00e7\u00f5es federais de ensino debater\u00e3o assuntos jur\u00eddicos, carreira e estrat\u00e9gias para manter direitos conquistados pela categoria nos \u00faltimos anos, em um contexto de Reforma da Previd\u00eancia, ataques \u00e0 educa\u00e7\u00e3o p\u00fablica e ao servi\u00e7o p\u00fablico em geral. O evento est\u00e1 ocorrendo na sede da ADUFC-Sindicato, na capital cearense.<\/p>\n\n\n\n<figure class=\"wp-block-image\"><img decoding=\"async\" src=\"https:\/\/www.proifes.org.br\/dados\/editor\/image\/WhatsApp_Image_2018_11_22_at_20.58.14(1).jpeg\" alt=\"\"\/><\/figure>\n\n\n\n<p>Ap\u00f3s uma apresenta\u00e7\u00e3o do Coral de professores da Universidade Federal do Cear\u00e1, o presidente da ADUFC e diretor de assuntos educacionais do magist\u00e9rio superior do PROIFES, Enio Pontes, abriu o Encontro saudando a presen\u00e7a dos professores e professoras dos sindicatos federados ao PROIFES, e destacando \u201ca import\u00e2ncia de debater esses temas diante de um quadro de retirada de direitos, tanto para os aposentados, mas tamb\u00e9m para os ativos que um dia ter\u00e3o que se aposentar\u201d.<\/p>\n\n\n\n<figure><iframe allowfullscreen=\"true\" height=\"515\" src=\"https:\/\/www.youtube.com\/embed\/xbaKV6BIk0o?wmode=transparent&amp;jqoemcache=D8lEb\" width=\"760\"><\/iframe><\/figure>\n\n\n\n<p>O 4\u00ba Encontro re\u00fane dirigentes dos sindicatos federados, professores aposentados, e da ativa. A vice-presidente do PROIFES, Luciene Fernandes (APUB-Sindicato), destacou que essa reuni\u00e3o dos professores aposentados e ativos \u00e9 uma troca de experi\u00eancias que fortalece o movimento sindical docente. \u201cOs professores aposentados mant\u00e9m a mesma disposi\u00e7\u00e3o de quando estavam na ativa para organizar a mobiliza\u00e7\u00e3o em defesa da categoria. E a gente que est\u00e1 come\u00e7ando no movimento sindical fica muito esperan\u00e7oso. Esse encontro de aposentados \u00e9 uma confraterniza\u00e7\u00e3o, um momento para estarmos juntos, mas tamb\u00e9m um momento para debater os desafios, as dificuldades\u201d.<\/p>\n\n\n\n<figure><iframe allowfullscreen=\"true\" height=\"515\" src=\"https:\/\/www.youtube.com\/embed\/cUIj-62r9mQ?wmode=transparent&amp;jqoemcache=KXJHX\" width=\"760\"><\/iframe><\/figure>\n\n\n\n<p>Para Gast\u00e3o Cl\u00f3vis (Sindufma), diretor de assuntos de aposentadoria do PROIFES, essas dificuldades s\u00e3o justamente o motivo principal para a Federa\u00e7\u00e3o realizar o encontro. \u201cEste \u00e9 um momento em que todos os aposentados temos trabalho para garantir os direitos dos atuais aposentados, e dos futuros aposentados. Temos uma grande reforma da previdencia que se avizinha, e para resolv\u00ea-la ser\u00e1 preciso uma baltalha grande. Precisamos criar estrat\u00e9gias para evitar a perda de direitos, e este \u00e9 justamente um dos principais desafios da categoria\u201d.<\/p>\n\n\n\n<figure><iframe allowfullscreen=\"true\" height=\"515\" src=\"https:\/\/www.youtube.com\/embed\/GQ1vG11k8kY?wmode=transparent&amp;jqoemcache=bk27W\" width=\"760\"><\/iframe><\/figure>\n\n\n\n<p>A vice-presidente da ADUFC, Helena Serra Azul, declarou que todos os sinais apontam para a retirada de direitos no pr\u00f3ximo per\u00edodo, e por isso mesmo, os professores n\u00e3o podem desistir. \u201cEste \u00e9 um momento de resist\u00eancia\u201d, disse. Sobre a Previd\u00eancia Social, Helena lembrou que a proposta do pr\u00f3ximo governo \u00e9 realizar uma reforma no Brasil semelhante a que houve no in\u00edcio da d\u00e9cada de 1980 no Chile, onde passadas tr\u00eas d\u00e9cadas apenas metade dos trabalhadores possuem aposentadoria e em quase 90% dos casos, o valor \u00e9 de cerca de meio sal\u00e1rio m\u00ednimo. \u201cO modelo que est\u00e1 se falando em adotar j\u00e1 n\u00e3o deu certo em v\u00e1rios pa\u00edses, j\u00e1 quebrou pa\u00edses. \u00c9 como se estiv\u00e9ssemos descartando aqueles que n\u00e3o est\u00e3o trabalhando. N\u00e3o podemos deixar perder qualquer direito. Vamos ter muita discuss\u00e3o e vamos \u00e0 luta e \u00e0 resist\u00eancia\u201d.<\/p>\n\n\n\n<p>A abertura se encerrou com a fala da diretora de assuntos de aposentadoria da ADUFC, F\u00e1tima Araripe, seguida de um coquetel. O evento que segue nesta sexta-feira, 23.<\/p>\n\n\n\n<p>Confira abaixo a programa\u00e7\u00e3o completa.<\/p>\n\n\n\n<figure class=\"wp-block-image\"><img decoding=\"async\" src=\"https:\/\/www.proifes.org.br\/dados\/editor\/image\/encontro_nacional_aposentadoria_programacao.jpeg\" alt=\"\"\/><\/figure>\n","protected":false},"excerpt":{"rendered":"<p>O PROIFES-Federa\u00e7\u00e3o iniciou nesta quinta-feira, 22, em Fortaleza, o seu 4\u00ba Encontro Nacional de Assuntos de Aposentadoria. Professores de institui\u00e7\u00f5es federais de ensino debater\u00e3o assuntos jur\u00eddicos, carreira e estrat\u00e9gias para manter direitos conquistados pela categoria nos \u00faltimos anos, em um contexto de Reforma da Previd\u00eancia, ataques \u00e0 educa\u00e7\u00e3o p\u00fablica e ao servi\u00e7o p\u00fablico em geral. [&hellip;]<\/p>\n","protected":false},"author":2,"featured_media":25935,"comment_status":"closed","ping_status":"closed","sticky":false,"template":"","format":"standard","meta":{"footnotes":""},"categories":[530,146],"tags":[],"class_list":["post-25934","post","type-post","status-publish","format-standard","has-post-thumbnail","hentry","category-destaques-1","category-latest-news"],"_links":{"self":[{"href":"https:\/\/apub.org.br\/siteantigo\/wp-json\/wp\/v2\/posts\/25934","targetHints":{"allow":["GET"]}}],"collection":[{"href":"https:\/\/apub.org.br\/siteantigo\/wp-json\/wp\/v2\/posts"}],"about":[{"href":"https:\/\/apub.org.br\/siteantigo\/wp-json\/wp\/v2\/types\/post"}],"author":[{"embeddable":true,"href":"https:\/\/apub.org.br\/siteantigo\/wp-json\/wp\/v2\/users\/2"}],"replies":[{"embeddable":true,"href":"https:\/\/apub.org.br\/siteantigo\/wp-json\/wp\/v2\/comments?post=25934"}],"version-history":[{"count":0,"href":"https:\/\/apub.org.br\/siteantigo\/wp-json\/wp\/v2\/posts\/25934\/revisions"}],"wp:featuredmedia":[{"embeddable":true,"href":"https:\/\/apub.org.br\/siteantigo\/wp-json\/wp\/v2\/media\/25935"}],"wp:attachment":[{"href":"https:\/\/apub.org.br\/siteantigo\/wp-json\/wp\/v2\/media?parent=25934"}],"wp:term":[{"taxonomy":"category","embeddable":true,"href":"https:\/\/apub.org.br\/siteantigo\/wp-json\/wp\/v2\/categories?post=25934"},{"taxonomy":"post_tag","embeddable":true,"href":"https:\/\/apub.org.br\/siteantigo\/wp-json\/wp\/v2\/tags?post=25934"}],"curies":[{"name":"wp","href":"https:\/\/api.w.org\/{rel}","templated":true}]}}