{"id":25937,"date":"2018-11-23T17:01:50","date_gmt":"2018-11-23T17:01:50","guid":{"rendered":"http:\/\/www.apub.org.br\/?p=25937"},"modified":"2018-11-23T19:05:52","modified_gmt":"2018-11-23T19:05:52","slug":"ministerio-da-educacao-nomeacao-ideologica","status":"publish","type":"post","link":"https:\/\/apub.org.br\/siteantigo\/ministerio-da-educacao-nomeacao-ideologica\/","title":{"rendered":"Minist\u00e9rio da Educa\u00e7\u00e3o: nomea\u00e7\u00e3o ideol\u00f3gica"},"content":{"rendered":"\n<p>Com a elei\u00e7\u00e3o de Jair Bolsonaro, j\u00e1 sab\u00edamos o que nos esperava. Antes mesmo de tomar posse, a cada pronunciamento do presidente eleito e de manifesta\u00e7\u00f5es de seus apoiadores, sentimos as garras do \u00f3dio, o menosprezo pela vida da popula\u00e7\u00e3o brasileira e as tentativas de censura que tomam conta do nosso cotidiano. Escola Sem Partido, Reforma da Previd\u00eancia, excludente de ilicitude para policiais s\u00e3o exemplos de nossas preocupa\u00e7\u00f5es. <\/p>\n\n\n\n<p>Ontem, 22 de novembro, mais uma vez atacou frontalmente a educa\u00e7\u00e3o p\u00fablica ao anunciar o nome do seu futuro Ministro da Educa\u00e7\u00e3o. Ricardo V\u00e9lez Rodriguez, fil\u00f3sofo e te\u00f3logo, professor em\u00e9rito da Escola de Comando do Estado Maior do Ex\u00e9rcito, n\u00e3o tem experi\u00eancia em administra\u00e7\u00e3o p\u00fablica e \u00e9 pouco conhecido na pol\u00edtica, principalmente entre os que debatem e v\u00eam construindo as pol\u00edticas para a educa\u00e7\u00e3o brasileira. A nomea\u00e7\u00e3o \u00e9 claramente a afirma\u00e7\u00e3o de uma posi\u00e7\u00e3o ideol\u00f3gica do governo eleito e dos setores mais conservadores, em um alinhamento no que h\u00e1 de mais reacion\u00e1rio: exalta a Ditadura Militar, ameniza as viola\u00e7\u00f5es cometidas no per\u00edodo, desdenha os direitos humanos e os avan\u00e7os conquistados nos \u00faltimos anos, incluindo as discuss\u00f5es da educa\u00e7\u00e3o para a diversidade. Constitui ainda grande amea\u00e7a \u00e0 concep\u00e7\u00e3o da laicidade do Estado, sendo nome que agradou fundamentalmente aos integrantes da bancada evang\u00e9lica. <\/p>\n\n\n\n<p>Autor de alguns livros, entre ele \u201cA Grande Mentira &#8211; Lula e o Patrimonialismo Petista&#8221; (Vide Editorial), Vel\u00e9z escreveu texto criticando o MEC pela educa\u00e7\u00e3o de g\u00eanero, a doutrina\u00e7\u00e3o de \u00edndole cientificista e fincada na ideologia marxista. Ele tamb\u00e9m \u00e9 professor associado da UFJF, um testemunho talvez de que na Universidade cabe as mais diversas posi\u00e7\u00f5es, inclusive as mais conservadoras. <\/p>\n\n\n\n<p>Para a Apub, esta indica\u00e7\u00e3o faz do MEC um campo no qual travaremos a guerra cultural em defesa da Universidade, Democracia e verdade.<\/p>\n\n\n\n<p> <\/p>\n\n\n\n<p> <\/p>\n","protected":false},"excerpt":{"rendered":"<p>Com a elei\u00e7\u00e3o de Jair Bolsonaro, j\u00e1 sab\u00edamos o que nos esperava. Antes mesmo de tomar posse, a cada pronunciamento do presidente eleito e de manifesta\u00e7\u00f5es de seus apoiadores, sentimos as garras do \u00f3dio, o menosprezo pela vida da popula\u00e7\u00e3o brasileira e as tentativas de censura que tomam conta do nosso cotidiano. Escola Sem Partido, [&hellip;]<\/p>\n","protected":false},"author":2,"featured_media":24668,"comment_status":"closed","ping_status":"closed","sticky":false,"template":"","format":"standard","meta":{"footnotes":""},"categories":[530,139,146],"tags":[],"class_list":["post-25937","post","type-post","status-publish","format-standard","has-post-thumbnail","hentry","category-destaques-1","category-educacao","category-latest-news"],"_links":{"self":[{"href":"https:\/\/apub.org.br\/siteantigo\/wp-json\/wp\/v2\/posts\/25937","targetHints":{"allow":["GET"]}}],"collection":[{"href":"https:\/\/apub.org.br\/siteantigo\/wp-json\/wp\/v2\/posts"}],"about":[{"href":"https:\/\/apub.org.br\/siteantigo\/wp-json\/wp\/v2\/types\/post"}],"author":[{"embeddable":true,"href":"https:\/\/apub.org.br\/siteantigo\/wp-json\/wp\/v2\/users\/2"}],"replies":[{"embeddable":true,"href":"https:\/\/apub.org.br\/siteantigo\/wp-json\/wp\/v2\/comments?post=25937"}],"version-history":[{"count":0,"href":"https:\/\/apub.org.br\/siteantigo\/wp-json\/wp\/v2\/posts\/25937\/revisions"}],"wp:featuredmedia":[{"embeddable":true,"href":"https:\/\/apub.org.br\/siteantigo\/wp-json\/wp\/v2\/media\/24668"}],"wp:attachment":[{"href":"https:\/\/apub.org.br\/siteantigo\/wp-json\/wp\/v2\/media?parent=25937"}],"wp:term":[{"taxonomy":"category","embeddable":true,"href":"https:\/\/apub.org.br\/siteantigo\/wp-json\/wp\/v2\/categories?post=25937"},{"taxonomy":"post_tag","embeddable":true,"href":"https:\/\/apub.org.br\/siteantigo\/wp-json\/wp\/v2\/tags?post=25937"}],"curies":[{"name":"wp","href":"https:\/\/api.w.org\/{rel}","templated":true}]}}